{"id":44889,"date":"2025-07-04T11:24:09","date_gmt":"2025-07-04T11:24:09","guid":{"rendered":"https:\/\/haberbesiktas.tr\/?p=44889"},"modified":"2025-07-04T11:24:09","modified_gmt":"2025-07-04T11:24:09","slug":"fenerbahcede-uc-oyuncu-kayserispor-macinda-yok","status":"publish","type":"post","link":"https:\/\/haberbesiktas.tr\/?p=44889","title":{"rendered":"Fenerbah\u00e7e&#8217;de \u00fc\u00e7 oyuncu Kayserispor ma\u00e7\u0131nda yok!"},"content":{"rendered":"<div>Fenerbah\u00e7e, Trendyol Muhte\u015fem Lig&#8217;in 32. haftas\u0131nda alan\u0131nda Kayserispor&#8217;u konuk edecek. Sar\u0131-lacivertlilerde bu u\u011fra\u015f \u00f6ncesinde \u00fc\u00e7 k\u0131ymetli isim tak\u0131mda yer almayacak.<\/p>\n<p> Sercan Hamzao\u011flu&#8217;nun haberine nazaran, Fasl\u0131 orta saha Sofyan Amrabat ve Mert Hakan Yanda\u015f sakatl\u0131\u011f\u0131 nedeniyle Kayserispor ma\u00e7\u0131nda forma giyemeyecek. Savunma oyuncusu Alexander Djiku ise teknik heyetin tercihiyle, yabanc\u0131 hududu sebebiyle m\u00fcsabaka tak\u0131m\u0131na dahil edilmedi.<\/p>\n<\/div>\n<p><\/p>\n","protected":false},"excerpt":{"rendered":"<p>Kayserispor ile kar\u015f\u0131la\u015facak Fenerbah\u00e7e&#8217;de Sofyan Amrabat, Alexander Djiku ve Mert Hakan Yanda\u015f gayrette forma giyemeyecek.<\/p>\n","protected":false},"author":1,"featured_media":44890,"comment_status":"open","ping_status":"open","sticky":false,"template":"","format":"standard","meta":{"footnotes":""},"categories":[25],"tags":[],"class_list":["post-44889","post","type-post","status-publish","format-standard","has-post-thumbnail","hentry","category-futbol"],"_links":{"self":[{"href":"https:\/\/haberbesiktas.tr\/index.php?rest_route=\/wp\/v2\/posts\/44889","targetHints":{"allow":["GET"]}}],"collection":[{"href":"https:\/\/haberbesiktas.tr\/index.php?rest_route=\/wp\/v2\/posts"}],"about":[{"href":"https:\/\/haberbesiktas.tr\/index.php?rest_route=\/wp\/v2\/types\/post"}],"author":[{"embeddable":true,"href":"https:\/\/haberbesiktas.tr\/index.php?rest_route=\/wp\/v2\/users\/1"}],"replies":[{"embeddable":true,"href":"https:\/\/haberbesiktas.tr\/index.php?rest_route=%2Fwp%2Fv2%2Fcomments&post=44889"}],"version-history":[{"count":1,"href":"https:\/\/haberbesiktas.tr\/index.php?rest_route=\/wp\/v2\/posts\/44889\/revisions"}],"predecessor-version":[{"id":44891,"href":"https:\/\/haberbesiktas.tr\/index.php?rest_route=\/wp\/v2\/posts\/44889\/revisions\/44891"}],"wp:featuredmedia":[{"embeddable":true,"href":"https:\/\/haberbesiktas.tr\/index.php?rest_route=\/wp\/v2\/media\/44890"}],"wp:attachment":[{"href":"https:\/\/haberbesiktas.tr\/index.php?rest_route=%2Fwp%2Fv2%2Fmedia&parent=44889"}],"wp:term":[{"taxonomy":"category","embeddable":true,"href":"https:\/\/haberbesiktas.tr\/index.php?rest_route=%2Fwp%2Fv2%2Fcategories&post=44889"},{"taxonomy":"post_tag","embeddable":true,"href":"https:\/\/haberbesiktas.tr\/index.php?rest_route=%2Fwp%2Fv2%2Ftags&post=44889"}],"curies":[{"name":"wp","href":"https:\/\/api.w.org\/{rel}","templated":true}]}}