{"id":44892,"date":"2025-07-04T11:36:15","date_gmt":"2025-07-04T11:36:15","guid":{"rendered":"https:\/\/haberbesiktas.tr\/?p=44892"},"modified":"2025-07-04T11:36:15","modified_gmt":"2025-07-04T11:36:15","slug":"anderlecht-antwerp-macinda-gol-sesi-cikmadi","status":"publish","type":"post","link":"https:\/\/haberbesiktas.tr\/?p=44892","title":{"rendered":"Anderlecht-Antwerp ma\u00e7\u0131nda gol sesi \u00e7\u0131kmad\u0131"},"content":{"rendered":"<div>Bel\u00e7ika Ligi&#8217;nde \u015fampiyonuk k\u00fcmesinde Anderlecht, alan\u0131nda Antwerp&#8217;i konuk etti.<\/p>\n<p>Lotto Park&#8217;ta oynanan gayrette gol sesi \u00e7\u0131kmad\u0131.<\/p>\n<p>Bu sonu\u00e7la \u0130ki kadroda \u015fampiyonluk k\u00fcmesindeki 3 ma\u00e7l\u0131k hezimet serilerini sonland\u0131rm\u0131\u015f oldu.<\/p>\n<p>Anderlecht 27 puan ile k\u00fcmede 4. s\u0131rada yer al\u0131yor, Antwerp ise 24 puan ile 6. s\u0131rada yer alarak sonuncu.<\/p>\n<p>Anderlecht, gelecek hafta alan\u0131nda Gent&#8217;i a\u011f\u0131rlyacak.<\/p>\n<p>Antwerp, ba\u015fkan Genk&#8217;i konuk edecek.<\/p><\/div>\n<p><\/p>\n","protected":false},"excerpt":{"rendered":"<p>Bel\u00e7ika Ligi&#8217;nde \u015fampiyonuk k\u00fcmesinde Anderlecht, konuk etti\u011fi Antwerp ile 0-0 berabere kald\u0131.<\/p>\n","protected":false},"author":1,"featured_media":44893,"comment_status":"open","ping_status":"open","sticky":false,"template":"","format":"standard","meta":{"footnotes":""},"categories":[25],"tags":[],"class_list":["post-44892","post","type-post","status-publish","format-standard","has-post-thumbnail","hentry","category-futbol"],"_links":{"self":[{"href":"https:\/\/haberbesiktas.tr\/index.php?rest_route=\/wp\/v2\/posts\/44892","targetHints":{"allow":["GET"]}}],"collection":[{"href":"https:\/\/haberbesiktas.tr\/index.php?rest_route=\/wp\/v2\/posts"}],"about":[{"href":"https:\/\/haberbesiktas.tr\/index.php?rest_route=\/wp\/v2\/types\/post"}],"author":[{"embeddable":true,"href":"https:\/\/haberbesiktas.tr\/index.php?rest_route=\/wp\/v2\/users\/1"}],"replies":[{"embeddable":true,"href":"https:\/\/haberbesiktas.tr\/index.php?rest_route=%2Fwp%2Fv2%2Fcomments&post=44892"}],"version-history":[{"count":1,"href":"https:\/\/haberbesiktas.tr\/index.php?rest_route=\/wp\/v2\/posts\/44892\/revisions"}],"predecessor-version":[{"id":44894,"href":"https:\/\/haberbesiktas.tr\/index.php?rest_route=\/wp\/v2\/posts\/44892\/revisions\/44894"}],"wp:featuredmedia":[{"embeddable":true,"href":"https:\/\/haberbesiktas.tr\/index.php?rest_route=\/wp\/v2\/media\/44893"}],"wp:attachment":[{"href":"https:\/\/haberbesiktas.tr\/index.php?rest_route=%2Fwp%2Fv2%2Fmedia&parent=44892"}],"wp:term":[{"taxonomy":"category","embeddable":true,"href":"https:\/\/haberbesiktas.tr\/index.php?rest_route=%2Fwp%2Fv2%2Fcategories&post=44892"},{"taxonomy":"post_tag","embeddable":true,"href":"https:\/\/haberbesiktas.tr\/index.php?rest_route=%2Fwp%2Fv2%2Ftags&post=44892"}],"curies":[{"name":"wp","href":"https:\/\/api.w.org\/{rel}","templated":true}]}}