{"id":45029,"date":"2025-07-04T19:48:09","date_gmt":"2025-07-04T19:48:09","guid":{"rendered":"https:\/\/haberbesiktas.tr\/?p=45029"},"modified":"2025-07-04T19:48:09","modified_gmt":"2025-07-04T19:48:09","slug":"kayserisporda-gecenin-yildizi-gokhan-sazdagi","status":"publish","type":"post","link":"https:\/\/haberbesiktas.tr\/?p=45029","title":{"rendered":"Kayserispor&#8217;da gecenin y\u0131ld\u0131z\u0131: G\u00f6khan Sazda\u011f\u0131!"},"content":{"rendered":"<div>Trendyol \u00dcst\u00fcn Lig&#8217;in 32. hafta ma\u00e7\u0131nda Kayserispor, deplasmanda Fenerbah\u00e7e ile 3-3 berabere kald\u0131.<\/p>\n<p>M\u00fccadelede Kayserispor&#8217;un deneyimli oyuncusu G\u00f6khan Sazda\u011f\u0131, geceye damga vurdu.<\/p>\n<p>Kayserispor&#8217;un \u00fc\u00e7 gol\u00fcnde de asisti yapan 30 ya\u015f\u0131ndaki futbolcu G\u00f6khan Sazda\u011f\u0131, g\u00f6sterdi\u011fi bu harikulade performansla ma\u00e7\u0131n en dikkat \u00e7eken ismi oldu.<\/p><\/div>\n<p><\/p>\n","protected":false},"excerpt":{"rendered":"<p>Fenerbah\u00e7e ile Kayserispor, Muhte\u015fem Lig&#8217;in 32. haftas\u0131nda 3-3 berabere kal\u0131rken, Kayserispor&#8217;un \u00fc\u00e7 gol\u00fcnde de asisti yapan G\u00f6khan Sazda\u011f\u0131, geceye damga vurdu.<\/p>\n","protected":false},"author":1,"featured_media":45030,"comment_status":"open","ping_status":"open","sticky":false,"template":"","format":"standard","meta":{"footnotes":""},"categories":[25],"tags":[],"class_list":["post-45029","post","type-post","status-publish","format-standard","has-post-thumbnail","hentry","category-futbol"],"_links":{"self":[{"href":"https:\/\/haberbesiktas.tr\/index.php?rest_route=\/wp\/v2\/posts\/45029","targetHints":{"allow":["GET"]}}],"collection":[{"href":"https:\/\/haberbesiktas.tr\/index.php?rest_route=\/wp\/v2\/posts"}],"about":[{"href":"https:\/\/haberbesiktas.tr\/index.php?rest_route=\/wp\/v2\/types\/post"}],"author":[{"embeddable":true,"href":"https:\/\/haberbesiktas.tr\/index.php?rest_route=\/wp\/v2\/users\/1"}],"replies":[{"embeddable":true,"href":"https:\/\/haberbesiktas.tr\/index.php?rest_route=%2Fwp%2Fv2%2Fcomments&post=45029"}],"version-history":[{"count":1,"href":"https:\/\/haberbesiktas.tr\/index.php?rest_route=\/wp\/v2\/posts\/45029\/revisions"}],"predecessor-version":[{"id":45031,"href":"https:\/\/haberbesiktas.tr\/index.php?rest_route=\/wp\/v2\/posts\/45029\/revisions\/45031"}],"wp:featuredmedia":[{"embeddable":true,"href":"https:\/\/haberbesiktas.tr\/index.php?rest_route=\/wp\/v2\/media\/45030"}],"wp:attachment":[{"href":"https:\/\/haberbesiktas.tr\/index.php?rest_route=%2Fwp%2Fv2%2Fmedia&parent=45029"}],"wp:term":[{"taxonomy":"category","embeddable":true,"href":"https:\/\/haberbesiktas.tr\/index.php?rest_route=%2Fwp%2Fv2%2Fcategories&post=45029"},{"taxonomy":"post_tag","embeddable":true,"href":"https:\/\/haberbesiktas.tr\/index.php?rest_route=%2Fwp%2Fv2%2Ftags&post=45029"}],"curies":[{"name":"wp","href":"https:\/\/api.w.org\/{rel}","templated":true}]}}