{"id":45038,"date":"2025-07-04T20:24:08","date_gmt":"2025-07-04T20:24:08","guid":{"rendered":"https:\/\/haberbesiktas.tr\/?p=45038"},"modified":"2025-07-04T20:24:08","modified_gmt":"2025-07-04T20:24:08","slug":"ismail-yuksekten-duygusal-aciklama","status":"publish","type":"post","link":"https:\/\/haberbesiktas.tr\/?p=45038","title":{"rendered":"\u0130smail Y\u00fcksek&#8217;ten duygusal a\u00e7\u0131klama!"},"content":{"rendered":"<div>\n<p>Fenerbah\u00e7e&#8217;nin ulusal oyuncusu \u0130smail Y\u00fcksek, alanlar\u0131nda Kayserispor ile 3-3 berabere kald\u0131lar\u0131 m\u00fcsabakan\u0131n akabinde a\u00e7\u0131klamalarda bulundu.\u00a0<\/p>\n<p> Grubunun taraftar\u0131ndan b\u00fcy\u00fck takviye g\u00f6rd\u00fc\u011f\u00fcn\u00fc fakat alanda istediklerini veremediklerini belirten Y\u00fcksek, <strong>&#8220;Ne s\u00f6ylenebilir ki&#8230; Bu kadar dayana\u011f\u0131n kar\u015f\u0131l\u0131\u011f\u0131nda neler s\u00f6ylenebilir hi\u00e7 bilmiyorum. Bize inan\u0131lmaz dayanak veriyorlar d\u00f6nem ba\u015f\u0131ndan bu yana. \u0130stediklerini veremiyoruz alanda. Sorumlulu\u011fu \u00fcstleniyoruz. \u00c7ok \u00fczg\u00fcn\u00fcz. F\u0131rsat\u0131 ka\u00e7\u0131rd\u0131k bence. Kalan ma\u00e7larda elimizden ne geliyorsa yapaca\u011f\u0131z.&#8221;<\/strong> dedi.<\/p>\n<\/div>\n<p><\/p>\n","protected":false},"excerpt":{"rendered":"<p>Fenerbah\u00e7e&#8217;de \u0130smail Y\u00fcksek, Kayserispor ma\u00e7\u0131n\u0131n akabinde konu\u015ftu.<\/p>\n","protected":false},"author":1,"featured_media":45039,"comment_status":"open","ping_status":"open","sticky":false,"template":"","format":"standard","meta":{"footnotes":""},"categories":[25],"tags":[],"class_list":["post-45038","post","type-post","status-publish","format-standard","has-post-thumbnail","hentry","category-futbol"],"_links":{"self":[{"href":"https:\/\/haberbesiktas.tr\/index.php?rest_route=\/wp\/v2\/posts\/45038","targetHints":{"allow":["GET"]}}],"collection":[{"href":"https:\/\/haberbesiktas.tr\/index.php?rest_route=\/wp\/v2\/posts"}],"about":[{"href":"https:\/\/haberbesiktas.tr\/index.php?rest_route=\/wp\/v2\/types\/post"}],"author":[{"embeddable":true,"href":"https:\/\/haberbesiktas.tr\/index.php?rest_route=\/wp\/v2\/users\/1"}],"replies":[{"embeddable":true,"href":"https:\/\/haberbesiktas.tr\/index.php?rest_route=%2Fwp%2Fv2%2Fcomments&post=45038"}],"version-history":[{"count":1,"href":"https:\/\/haberbesiktas.tr\/index.php?rest_route=\/wp\/v2\/posts\/45038\/revisions"}],"predecessor-version":[{"id":45040,"href":"https:\/\/haberbesiktas.tr\/index.php?rest_route=\/wp\/v2\/posts\/45038\/revisions\/45040"}],"wp:featuredmedia":[{"embeddable":true,"href":"https:\/\/haberbesiktas.tr\/index.php?rest_route=\/wp\/v2\/media\/45039"}],"wp:attachment":[{"href":"https:\/\/haberbesiktas.tr\/index.php?rest_route=%2Fwp%2Fv2%2Fmedia&parent=45038"}],"wp:term":[{"taxonomy":"category","embeddable":true,"href":"https:\/\/haberbesiktas.tr\/index.php?rest_route=%2Fwp%2Fv2%2Fcategories&post=45038"},{"taxonomy":"post_tag","embeddable":true,"href":"https:\/\/haberbesiktas.tr\/index.php?rest_route=%2Fwp%2Fv2%2Ftags&post=45038"}],"curies":[{"name":"wp","href":"https:\/\/api.w.org\/{rel}","templated":true}]}}