{"id":45053,"date":"2025-07-15T04:11:59","date_gmt":"2025-07-15T04:11:59","guid":{"rendered":"https:\/\/haberbesiktas.tr\/?p=45053"},"modified":"2025-07-15T04:11:59","modified_gmt":"2025-07-15T04:11:59","slug":"14-temmuz-yarim-gun-mu-14-15-temmuz-resmi-tatil-mi","status":"publish","type":"post","link":"https:\/\/haberbesiktas.tr\/?p=45053","title":{"rendered":"14 Temmuz yar\u0131m g\u00fcn m\u00fc? 14-15 Temmuz resmi tatil mi?"},"content":{"rendered":"<div><span>15 Temmuz Demokrasi ve Ulusal Birlik G\u00fcn\u00fc, bu y\u0131l Sal\u0131 g\u00fcn\u00fcne denk geliyor. Bu kapsamda vatanda\u015flar, &#8220;14 Temmuz Pazartesi g\u00fcn\u00fc de tatil olacak m\u0131?&#8221; sorusunun cevab\u0131n\u0131 merak ediyor.<\/span><\/p>\n<p><strong>15 TEMMUZ RESM\u0130 TAT\u0130L M\u0130?<\/strong><\/p>\n<p><span>15 Temmuz, 2016 y\u0131l\u0131nda ger\u00e7ekle\u015fen darbe te\u015febb\u00fcs\u00fcn\u00fcn y\u0131ld\u00f6n\u00fcm\u00fc olarak her y\u0131l an\u0131l\u0131yor. Demokrasiye ve halk iradesine kar\u015f\u0131 yap\u0131lan bu hain kalk\u0131\u015fmada hayat\u0131n\u0131 kaybeden 240&#8217;tan fazla vatanda\u015f \u00fclkemizin d\u00f6rt bir yan\u0131nda d\u00fczenlenen programlarla an\u0131l\u0131yor. Al\u0131nan kararla birlikte 15 Temmuz, &#8220;Demokrasi ve Ulusal Birlik G\u00fcn\u00fc&#8221; ismiyle resmi tatil ilan edilmi\u015fti.<\/span><\/p>\n<p><span>Her y\u0131l oldu\u011fu \u00fczere bu y\u0131l da 15 Temmuz&#8217;da ba\u015fta Ankara ve \u0130stanbul olmak \u00fczere bir\u00e7ok kentte anma merasimleri, y\u00fcr\u00fcy\u00fc\u015fler, stantlar ve \u00e7e\u015fitli etkinlikler d\u00fczenlenmesi bekleniyor. Cumhurba\u015fkan\u0131&#8217;n\u0131n i\u015ftirakiyle yap\u0131lacak resm\u00ee merasimlerin yan\u0131 s\u0131ra, \u015fehit yak\u0131nlar\u0131 ve gazilere y\u00f6nelik programlar da ger\u00e7ekle\u015ftirilecek.<\/span><\/p>\n<p><strong>14 TEMMUZ YARIM G\u00dcN TAT\u0130L M\u0130?<\/strong><\/p>\n<p><span>15 Temmuz Sal\u0131 g\u00fcn\u00fc tatil olacak bir\u00e7ok \u00e7al\u0131\u015fan, 14 Temmuz tatil durumunu merak ediyor. Lakin 14 Temmuz resmi tatil g\u00fcnleri takviminde yer alm\u0131yor. Bu nedenle pazartesi g\u00fcn\u00fc i\u015f yerleri ve \u00e7al\u0131\u015fanlar ola\u011fan mesai sistemine devam edecek.<\/span><\/div>\n<div>Haber ile daha fazlas\u0131na ula\u015f\u0131n:<\/div>\n<div>G\u00fcndem<\/div>\n","protected":false},"excerpt":{"rendered":"<p>Resmi tatil takviminde yer alan 15 Temmuz&#8217;un yan\u0131 s\u0131ra 14 Temmuz&#8217;da g\u00fcndemde yer al\u0131yor. Demokrasi ve Ulusal Birlik G\u00fcn\u00fc ilan edilen 15 Temmuz \u00f6ncesi resmi tatil yahut yar\u0131m g\u00fcn tatil sorular\u0131 \u00f6ne \u00e7\u0131kt\u0131. 15 Temmuz&#8217;da resm\u00ee merasimlerin yan\u0131 s\u0131ra, \u015fehit yak\u0131nlar\u0131 ve gazilere y\u00f6nelik programlar da ger\u00e7ekle\u015ftirilecek. Pekala, 14 Temmuz yar\u0131m g\u00fcn m\u00fc? 14-15 Temmuz resmi tatil mi?<\/p>\n","protected":false},"author":1,"featured_media":45054,"comment_status":"open","ping_status":"open","sticky":false,"template":"","format":"standard","meta":{"footnotes":""},"categories":[10],"tags":[3299,1673],"class_list":["post-45053","post","type-post","status-publish","format-standard","has-post-thumbnail","hentry","category-basketbol","tag-15-temmuz","tag-tatil"],"_links":{"self":[{"href":"https:\/\/haberbesiktas.tr\/index.php?rest_route=\/wp\/v2\/posts\/45053","targetHints":{"allow":["GET"]}}],"collection":[{"href":"https:\/\/haberbesiktas.tr\/index.php?rest_route=\/wp\/v2\/posts"}],"about":[{"href":"https:\/\/haberbesiktas.tr\/index.php?rest_route=\/wp\/v2\/types\/post"}],"author":[{"embeddable":true,"href":"https:\/\/haberbesiktas.tr\/index.php?rest_route=\/wp\/v2\/users\/1"}],"replies":[{"embeddable":true,"href":"https:\/\/haberbesiktas.tr\/index.php?rest_route=%2Fwp%2Fv2%2Fcomments&post=45053"}],"version-history":[{"count":1,"href":"https:\/\/haberbesiktas.tr\/index.php?rest_route=\/wp\/v2\/posts\/45053\/revisions"}],"predecessor-version":[{"id":45055,"href":"https:\/\/haberbesiktas.tr\/index.php?rest_route=\/wp\/v2\/posts\/45053\/revisions\/45055"}],"wp:featuredmedia":[{"embeddable":true,"href":"https:\/\/haberbesiktas.tr\/index.php?rest_route=\/wp\/v2\/media\/45054"}],"wp:attachment":[{"href":"https:\/\/haberbesiktas.tr\/index.php?rest_route=%2Fwp%2Fv2%2Fmedia&parent=45053"}],"wp:term":[{"taxonomy":"category","embeddable":true,"href":"https:\/\/haberbesiktas.tr\/index.php?rest_route=%2Fwp%2Fv2%2Fcategories&post=45053"},{"taxonomy":"post_tag","embeddable":true,"href":"https:\/\/haberbesiktas.tr\/index.php?rest_route=%2Fwp%2Fv2%2Ftags&post=45053"}],"curies":[{"name":"wp","href":"https:\/\/api.w.org\/{rel}","templated":true}]}}