{"id":45056,"date":"2025-07-15T04:23:59","date_gmt":"2025-07-15T04:23:59","guid":{"rendered":"https:\/\/haberbesiktas.tr\/?p=45056"},"modified":"2025-07-15T04:23:59","modified_gmt":"2025-07-15T04:23:59","slug":"15-temmuzda-muzeler-ve-saraylar-acik-mi-2025","status":"publish","type":"post","link":"https:\/\/haberbesiktas.tr\/?p=45056","title":{"rendered":"15 Temmuz&#8217;da M\u00fczeler ve Saraylar A\u00e7\u0131k M\u0131? 2025"},"content":{"rendered":"<div><span>Peki, 15 Temmuz&#8217;da hangi m\u00fczeler ve saraylar a\u00e7\u0131k olacak?<\/span><\/p>\n<p><span>K\u00fclt\u00fcr ve Turizm Bakanl\u0131\u011f\u0131&#8217;ndan yap\u0131lan a\u00e7\u0131klamaya nazaran, 15 Temmuz&#8217;da t\u00fcm m\u00fcze ve saraylar fiyats\u0131z olarak ziyarete a\u00e7\u0131k olacak. Bu kapsamda;<\/span><\/p>\n<p><span>Topkap\u0131 Saray\u0131<\/span><br \/><span>Ayasofya M\u00fczesi<\/span><br \/><span>Dolmabah\u00e7e Saray\u0131<\/span><br \/><span>Y\u0131ld\u0131z Saray\u0131<\/span><br \/><span>\u00c7\u0131ra\u011fan Saray\u0131<\/span><br \/><span>Tophane-i Amire M\u00fczesi<\/span><br \/><span>Panorama 1453 Tarih M\u00fczesi<\/span><br \/><span>Rahmi M. Ko\u00e7 M\u00fczesi<\/span><br \/><span>Sak\u0131p Sabanc\u0131 M\u00fczesi<\/span><br \/><span>\u0130stanbul Arkeoloji M\u00fczeleri<\/span><br \/><span>gibi bir\u00e7ok tan\u0131nan m\u00fcze ve saray 15 Temmuz&#8217;da ziyaret\u00e7ilerini a\u011f\u0131rlayacak.<\/span><\/p>\n<p><span>Ziyaret saatleri m\u00fczelere nazaran de\u011fi\u015fiklik g\u00f6sterebilmektedir. Bu nedenle, gitmeden evvel m\u00fczenin resmi web sitesini yahut toplumsal medya hesaplar\u0131n\u0131 denetim etmenizi tavsiye ederiz.<\/span><\/div>\n<div>Haber ile daha fazlas\u0131na ula\u015f\u0131n:<\/div>\n<div>G\u00fcndem<\/div>\n","protected":false},"excerpt":{"rendered":"<p>15 Temmuz Ulusal Birlik ve Demokrasi G\u00fcn\u00fc&#8217;nde vatanda\u015flar, demokrasiyi savunan kahramanlar\u0131 anmak ve ulusal birli\u011fe duyduklar\u0131 ba\u011fl\u0131l\u0131\u011f\u0131 g\u00f6stermek i\u00e7in \u00e7e\u015fitli etkinliklere kat\u0131l\u0131yor. Bu \u00f6zel g\u00fcnde m\u00fcze ve saraylar da ziyaret\u00e7ilerini a\u011f\u0131rlamaya haz\u0131rlan\u0131yor.<\/p>\n","protected":false},"author":1,"featured_media":45057,"comment_status":"open","ping_status":"open","sticky":false,"template":"","format":"standard","meta":{"footnotes":""},"categories":[10],"tags":[2875,3300],"class_list":["post-45056","post","type-post","status-publish","format-standard","has-post-thumbnail","hentry","category-basketbol","tag-muze","tag-saray"],"_links":{"self":[{"href":"https:\/\/haberbesiktas.tr\/index.php?rest_route=\/wp\/v2\/posts\/45056","targetHints":{"allow":["GET"]}}],"collection":[{"href":"https:\/\/haberbesiktas.tr\/index.php?rest_route=\/wp\/v2\/posts"}],"about":[{"href":"https:\/\/haberbesiktas.tr\/index.php?rest_route=\/wp\/v2\/types\/post"}],"author":[{"embeddable":true,"href":"https:\/\/haberbesiktas.tr\/index.php?rest_route=\/wp\/v2\/users\/1"}],"replies":[{"embeddable":true,"href":"https:\/\/haberbesiktas.tr\/index.php?rest_route=%2Fwp%2Fv2%2Fcomments&post=45056"}],"version-history":[{"count":1,"href":"https:\/\/haberbesiktas.tr\/index.php?rest_route=\/wp\/v2\/posts\/45056\/revisions"}],"predecessor-version":[{"id":45058,"href":"https:\/\/haberbesiktas.tr\/index.php?rest_route=\/wp\/v2\/posts\/45056\/revisions\/45058"}],"wp:featuredmedia":[{"embeddable":true,"href":"https:\/\/haberbesiktas.tr\/index.php?rest_route=\/wp\/v2\/media\/45057"}],"wp:attachment":[{"href":"https:\/\/haberbesiktas.tr\/index.php?rest_route=%2Fwp%2Fv2%2Fmedia&parent=45056"}],"wp:term":[{"taxonomy":"category","embeddable":true,"href":"https:\/\/haberbesiktas.tr\/index.php?rest_route=%2Fwp%2Fv2%2Fcategories&post=45056"},{"taxonomy":"post_tag","embeddable":true,"href":"https:\/\/haberbesiktas.tr\/index.php?rest_route=%2Fwp%2Fv2%2Ftags&post=45056"}],"curies":[{"name":"wp","href":"https:\/\/api.w.org\/{rel}","templated":true}]}}