{"id":45059,"date":"2025-07-15T04:35:59","date_gmt":"2025-07-15T04:35:59","guid":{"rendered":"https:\/\/haberbesiktas.tr\/?p=45059"},"modified":"2025-07-15T04:35:59","modified_gmt":"2025-07-15T04:35:59","slug":"15-temmuzda-spor-salonlari-acik-mi-2025","status":"publish","type":"post","link":"https:\/\/haberbesiktas.tr\/?p=45059","title":{"rendered":"15 Temmuz&#8217;da Spor Salonlar\u0131 A\u00e7\u0131k m\u0131 2025?"},"content":{"rendered":"<div><span>15 Temmuz&#8217;da spor salonlar\u0131n\u0131n a\u00e7\u0131k olup olmad\u0131\u011f\u0131, spor salonunun i\u015fletme siyasetine nazaran de\u011fi\u015fiklik g\u00f6sterebilir. Birtak\u0131m spor salonlar\u0131 15 Temmuz&#8217;da ola\u011fan \u00e7al\u0131\u015fma saatlerine nazaran hizmet verirken, kimileri ise kapal\u0131 olabilir.<\/span><\/div>\n<div>Haber ile daha fazlas\u0131na ula\u015f\u0131n:<\/div>\n<div>G\u00fcndem<\/div>\n","protected":false},"excerpt":{"rendered":"<p>15 Temmuz Ulusal Birlik ve Demokrasi G\u00fcn\u00fc, T\u00fcrkiye Cumhuriyeti&#8217;nde resmi tatil olarak kabul edilmektedir. Bu \u00f6zel g\u00fcnde bir\u00e7ok kamu kurumu ve \u00f6zel i\u015fletme faaliyetlerine orta vermektedir. Pekala ya spor salonlar\u0131? 15 Temmuz&#8217;da spor salonlar\u0131 a\u00e7\u0131k m\u0131?<\/p>\n","protected":false},"author":1,"featured_media":45060,"comment_status":"open","ping_status":"open","sticky":false,"template":"","format":"standard","meta":{"footnotes":""},"categories":[10],"tags":[],"class_list":["post-45059","post","type-post","status-publish","format-standard","has-post-thumbnail","hentry","category-basketbol"],"_links":{"self":[{"href":"https:\/\/haberbesiktas.tr\/index.php?rest_route=\/wp\/v2\/posts\/45059","targetHints":{"allow":["GET"]}}],"collection":[{"href":"https:\/\/haberbesiktas.tr\/index.php?rest_route=\/wp\/v2\/posts"}],"about":[{"href":"https:\/\/haberbesiktas.tr\/index.php?rest_route=\/wp\/v2\/types\/post"}],"author":[{"embeddable":true,"href":"https:\/\/haberbesiktas.tr\/index.php?rest_route=\/wp\/v2\/users\/1"}],"replies":[{"embeddable":true,"href":"https:\/\/haberbesiktas.tr\/index.php?rest_route=%2Fwp%2Fv2%2Fcomments&post=45059"}],"version-history":[{"count":1,"href":"https:\/\/haberbesiktas.tr\/index.php?rest_route=\/wp\/v2\/posts\/45059\/revisions"}],"predecessor-version":[{"id":45061,"href":"https:\/\/haberbesiktas.tr\/index.php?rest_route=\/wp\/v2\/posts\/45059\/revisions\/45061"}],"wp:featuredmedia":[{"embeddable":true,"href":"https:\/\/haberbesiktas.tr\/index.php?rest_route=\/wp\/v2\/media\/45060"}],"wp:attachment":[{"href":"https:\/\/haberbesiktas.tr\/index.php?rest_route=%2Fwp%2Fv2%2Fmedia&parent=45059"}],"wp:term":[{"taxonomy":"category","embeddable":true,"href":"https:\/\/haberbesiktas.tr\/index.php?rest_route=%2Fwp%2Fv2%2Fcategories&post=45059"},{"taxonomy":"post_tag","embeddable":true,"href":"https:\/\/haberbesiktas.tr\/index.php?rest_route=%2Fwp%2Fv2%2Ftags&post=45059"}],"curies":[{"name":"wp","href":"https:\/\/api.w.org\/{rel}","templated":true}]}}