{"id":45065,"date":"2025-07-15T04:59:59","date_gmt":"2025-07-15T04:59:59","guid":{"rendered":"https:\/\/haberbesiktas.tr\/?p=45065"},"modified":"2025-07-15T04:59:59","modified_gmt":"2025-07-15T04:59:59","slug":"15-temmuzda-kargolar-acik-mi-yarin-ptt-acik-mi-2025","status":"publish","type":"post","link":"https:\/\/haberbesiktas.tr\/?p=45065","title":{"rendered":"15 Temmuz&#8217;da kargolar a\u00e7\u0131k m\u0131? Yar\u0131n PTT a\u00e7\u0131k m\u0131? 2025"},"content":{"rendered":"<div><span>15 Temmuz Demokrasi ve Ulusal Birlik G\u00fcn\u00fc, bu y\u0131l pazartesi g\u00fcn\u00fcne denk geliyor. Her y\u0131l oldu\u011fu \u00fczere bu y\u0131l da 15 Temmuz \u015fehitleri an\u0131lacak, \u00e7e\u015fitli etkinlikler d\u00fczenlenecek. Pekala, 15 Temmuz Pazartesi g\u00fcn\u00fc resmi tatil mi? Banka, noter ve kargolar 15 Temmuz&#8217;da a\u00e7\u0131k m\u0131?<\/span><\/p>\n<p><strong>15 TEMMUZ&#8217;DA KARGOLAR A\u00c7IK MI?<br \/><\/strong><br \/><span>15 Temmuz Pazartesi g\u00fcn\u00fc kargolar kapal\u0131 olacak. Lakin \u00f6zel kargolar\u0131n \u00e7al\u0131\u015fma saatleri farkl\u0131l\u0131k g\u00f6sterebilir. Bu nedenle kargo firmas\u0131n\u0131 araman\u0131z gerekebilir.<\/span><\/p>\n<p><strong>15 TEMMUZ RESM\u0130 TAT\u0130L M\u0130?<br \/><\/strong><br \/><span>15 Temmuz Demokrasi ve Birlik G\u00fcn\u00fc, ge\u00e7ti\u011fimiz periyotlarda T\u00fcrkiye B\u00fcy\u00fck Millet Meclisi&#8217;nde al\u0131nan karar do\u011frultusunda resmi tatil olarak ilan edilmi\u015fti.<\/span><\/p>\n<p><span>TBMM&#8217;de 15 Temmuz tarihinin resmi tatil olarak ilan edilmesiyle ilgili karar \u015f\u00f6yleydi;<\/span><\/p>\n<p><span>MADDE 1- (1) Ankara Vilayetine ba\u011fl\u0131 &#8220;Kazan \u0130l\u00e7esi&#8221;nin ismi &#8220;Kahramankazan&#8221; olarak de\u011fi\u015ftirilmi\u015ftir.<\/span><\/p>\n<p><span>MADDE 2- (1) 17.3.1981 tarihli ve 2429 say\u0131l\u0131 Ulusal Bayram ve Genel Tatiller Hakk\u0131nda Kanunun 2 nci unsurunun birinci f\u0131kras\u0131nda yer alan &#8220;ve 1 May\u0131s g\u00fcn\u00fc&#8221; ibareleri &#8220;,1 May\u0131s g\u00fcn\u00fc ve 15 Temmuz g\u00fcn\u00fc&#8221; olarak ve birinci f\u0131kras\u0131n\u0131n (C) bendi a\u015fa\u011f\u0131daki bi\u00e7imde de\u011fi\u015ftirilmi\u015ftir.<\/span><\/p>\n<p><span>&#8220;C) 1 Ocak g\u00fcn\u00fc y\u0131lba\u015f\u0131 tatili, 1 May\u0131s g\u00fcn\u00fc Emek ve Dayan\u0131\u015fma G\u00fcn\u00fc ve 15 Temmuz g\u00fcn\u00fc Demokrasi ve Direnme Hakk\u0131 G\u00fcn\u00fc tatilidir.&#8221;<\/span><\/p>\n<\/div>\n<div>Haber ile daha fazlas\u0131na ula\u015f\u0131n:<\/div>\n<div>G\u00fcndem<\/div>\n","protected":false},"excerpt":{"rendered":"<p>15 Temmuz kargolar a\u00e7\u0131k m\u0131 sorusu 15 Temmuz resmi tatil \u00f6ncesi merak ediliyor. \u0130nternet al\u0131\u015fveri\u015flerinde kargolar\u0131n\u0131 bekleyen vatanda\u015flar, PTT kargo, Yurti\u00e7i, MNG, Aras kargo 15 Temmuz&#8217;da kargolar \u00e7al\u0131\u015f\u0131yor mu ara\u015ft\u0131rmalar\u0131na s\u00fcrat kazand\u0131rd\u0131. \u00d6zel \u015firketlerin \u00e7al\u0131\u015fma saatleri resmi tatillerde farkl\u0131l\u0131k g\u00f6sterebiliyor. Pekala, 15 Temmuz kargolar a\u00e7\u0131k m\u0131 2025, da\u011f\u0131t\u0131m yap\u0131yor mu? PTT kargo, Yurti\u00e7i, MNG, Aras kargo 15 Temmuz kargolar \u00e7al\u0131\u015f\u0131yor mu? \u0130\u015fte ayr\u0131nt\u0131lar&#8230;<\/p>\n","protected":false},"author":1,"featured_media":45066,"comment_status":"open","ping_status":"open","sticky":false,"template":"","format":"standard","meta":{"footnotes":""},"categories":[10],"tags":[3299,3301,1673],"class_list":["post-45065","post","type-post","status-publish","format-standard","has-post-thumbnail","hentry","category-basketbol","tag-15-temmuz","tag-kargo","tag-tatil"],"_links":{"self":[{"href":"https:\/\/haberbesiktas.tr\/index.php?rest_route=\/wp\/v2\/posts\/45065","targetHints":{"allow":["GET"]}}],"collection":[{"href":"https:\/\/haberbesiktas.tr\/index.php?rest_route=\/wp\/v2\/posts"}],"about":[{"href":"https:\/\/haberbesiktas.tr\/index.php?rest_route=\/wp\/v2\/types\/post"}],"author":[{"embeddable":true,"href":"https:\/\/haberbesiktas.tr\/index.php?rest_route=\/wp\/v2\/users\/1"}],"replies":[{"embeddable":true,"href":"https:\/\/haberbesiktas.tr\/index.php?rest_route=%2Fwp%2Fv2%2Fcomments&post=45065"}],"version-history":[{"count":1,"href":"https:\/\/haberbesiktas.tr\/index.php?rest_route=\/wp\/v2\/posts\/45065\/revisions"}],"predecessor-version":[{"id":45067,"href":"https:\/\/haberbesiktas.tr\/index.php?rest_route=\/wp\/v2\/posts\/45065\/revisions\/45067"}],"wp:featuredmedia":[{"embeddable":true,"href":"https:\/\/haberbesiktas.tr\/index.php?rest_route=\/wp\/v2\/media\/45066"}],"wp:attachment":[{"href":"https:\/\/haberbesiktas.tr\/index.php?rest_route=%2Fwp%2Fv2%2Fmedia&parent=45065"}],"wp:term":[{"taxonomy":"category","embeddable":true,"href":"https:\/\/haberbesiktas.tr\/index.php?rest_route=%2Fwp%2Fv2%2Fcategories&post=45065"},{"taxonomy":"post_tag","embeddable":true,"href":"https:\/\/haberbesiktas.tr\/index.php?rest_route=%2Fwp%2Fv2%2Ftags&post=45065"}],"curies":[{"name":"wp","href":"https:\/\/api.w.org\/{rel}","templated":true}]}}