{"id":45131,"date":"2025-07-20T05:47:47","date_gmt":"2025-07-20T05:47:47","guid":{"rendered":"https:\/\/haberbesiktas.tr\/?p=45131"},"modified":"2025-07-20T05:47:47","modified_gmt":"2025-07-20T05:47:47","slug":"seref-ates-kimdir-seref-ates-neden-gozaltina-alindi","status":"publish","type":"post","link":"https:\/\/haberbesiktas.tr\/?p=45131","title":{"rendered":"\u015eeref Ate\u015f kimdir? \u015eeref Ate\u015f neden g\u00f6zalt\u0131na al\u0131nd\u0131?"},"content":{"rendered":"<div><span>Ankara Cumhuriyet Ba\u015fsavc\u0131l\u0131\u011f\u0131, Yunus Emre Enstit\u00fcs\u00fc&#8217;nde 300 milyon TL&#8217;yi a\u015fan naylon fatura yolsuzlu\u011fu sav\u0131yla y\u00fcr\u00fct\u00fclen soru\u015fturma kapsam\u0131nda g\u00f6zalt\u0131na al\u0131nan Gurur Ate\u015f kimdir merak edildi. Onur Ate\u015f hatas\u0131 ne, neden g\u00f6zalt\u0131na al\u0131nd\u0131 merak ediliyor.<\/span><\/p>\n<p><strong>\u015eEREF ATE\u015e K\u0130MD\u0130R?<\/strong><\/p>\n<p><span>1964 y\u0131l\u0131nda Malatya&#8217;da do\u011fdu. Bir devir Almanya&#8217;da ya\u015fad\u0131. Lisans e\u011fitimini Sel\u00e7uk \u00dcniversitesi&#8217;nde tamamlad\u0131. Akademik mesle\u011fine ise Gazi \u00dcniversitesi&#8217;nde ba\u015flad\u0131.<\/span><\/p>\n<p><span>Ate\u015f, y\u00fcksek lisans\u0131n\u0131 ve doktoras\u0131n\u0131 Ankara \u00dcniversitesi, Dil ve Tarih-Co\u011frafya Fak\u00fcltesi, Bat\u0131 Lisanlar\u0131 ve Edebiyatlar\u0131 alan\u0131nda tamamlad\u0131.<\/span><\/p>\n<p><span>\u0130kinci doktoras\u0131n\u0131 da Almanya Marburg \u00dcniversitesi Siyasal Bilimler Fak\u00fcltesi, Siyaset Bilimi Ana Bilim Kolu&#8217;nda tamamlad\u0131.<\/span><\/p>\n<p><span>T\u00fcrkiye&#8217;de ve yurt d\u0131\u015f\u0131nda farkl\u0131 \u00fcniversite ve ara\u015ft\u0131rma kurumlar\u0131nda s\u00fcrd\u00fcren Prof. Dr. \u015eeref Ate\u015f, bir\u00e7ok ulusal ve milletleraras\u0131 projede vazife ald\u0131.<\/span><br \/><span>2011&#8217;de profes\u00f6r olmas\u0131n\u0131n ard\u0131ndan kariyerine Sakarya \u00dcniversitesi Fen Edebiyat Fak\u00fcltesinde devam etti.<\/span><\/p>\n<p><span>2016 y\u0131l\u0131nda Yunus Emre Enstit\u00fcs\u00fcndeki misyonuna geldi.<\/span><\/p>\n<p><strong>\u015eEREF ATE\u015e NEDEN G\u00d6ZALTINA ALINDI?<\/strong><\/p>\n<p><span>\u015eeref Ate\u015f, 16 Temmuz 2025&#8217;te Esenbo\u011fa Havaliman\u0131&#8217;nda Almanya&#8217;dan T\u00fcrkiye&#8217;ye giri\u015f yaparken hakk\u0131nda \u00e7\u0131kar\u0131lan yakalama karar\u0131 do\u011frultusunda g\u00f6zalt\u0131na al\u0131nd\u0131.<\/span><\/p>\n<p><span>Ankara Cumhuriyet Ba\u015fsavc\u0131l\u0131\u011f\u0131 Ate\u015f&#8217;in Yunus Emre Enstit\u00fcs\u00fc&#8217;nde naylon faturalarla kamu kaynaklar\u0131n\u0131 ziyana u\u011fratt\u0131\u011f\u0131 arg\u00fcmanlar\u0131yla ilgili soru\u015fturma kapsam\u0131nda yakaland\u0131\u011f\u0131n\u0131 a\u00e7\u0131klad\u0131.<\/span><\/div>\n<div>Haber ile daha fazlas\u0131na ula\u015f\u0131n:<\/div>\n<div>G\u00fcndem<\/div>\n","protected":false},"excerpt":{"rendered":"<p>Yunus Emre Enstit\u00fcs\u00fc&#8217;n\u00fcn eski lideri Prof. Dr. \u015eeref Ate\u015f, 300 milyon TL&#8217;yi a\u015fan naylon fatura yolsuzlu\u011fu teziyle Esenbo\u011fa Havaliman\u0131&#8217;nda g\u00f6zalt\u0131na al\u0131nd\u0131. Kamuoyunun g\u00fcndeminde Erdem Ate\u015f hayat\u0131, mesle\u011fi g\u00fcndeme gelirken g\u00f6zalt\u0131na al\u0131nma nedeni merak edildi.<\/p>\n","protected":false},"author":1,"featured_media":45132,"comment_status":"open","ping_status":"open","sticky":false,"template":"","format":"standard","meta":{"footnotes":""},"categories":[10],"tags":[3331,2087],"class_list":["post-45131","post","type-post","status-publish","format-standard","has-post-thumbnail","hentry","category-basketbol","tag-seref-ates","tag-universitesi"],"_links":{"self":[{"href":"https:\/\/haberbesiktas.tr\/index.php?rest_route=\/wp\/v2\/posts\/45131","targetHints":{"allow":["GET"]}}],"collection":[{"href":"https:\/\/haberbesiktas.tr\/index.php?rest_route=\/wp\/v2\/posts"}],"about":[{"href":"https:\/\/haberbesiktas.tr\/index.php?rest_route=\/wp\/v2\/types\/post"}],"author":[{"embeddable":true,"href":"https:\/\/haberbesiktas.tr\/index.php?rest_route=\/wp\/v2\/users\/1"}],"replies":[{"embeddable":true,"href":"https:\/\/haberbesiktas.tr\/index.php?rest_route=%2Fwp%2Fv2%2Fcomments&post=45131"}],"version-history":[{"count":1,"href":"https:\/\/haberbesiktas.tr\/index.php?rest_route=\/wp\/v2\/posts\/45131\/revisions"}],"predecessor-version":[{"id":45133,"href":"https:\/\/haberbesiktas.tr\/index.php?rest_route=\/wp\/v2\/posts\/45131\/revisions\/45133"}],"wp:featuredmedia":[{"embeddable":true,"href":"https:\/\/haberbesiktas.tr\/index.php?rest_route=\/wp\/v2\/media\/45132"}],"wp:attachment":[{"href":"https:\/\/haberbesiktas.tr\/index.php?rest_route=%2Fwp%2Fv2%2Fmedia&parent=45131"}],"wp:term":[{"taxonomy":"category","embeddable":true,"href":"https:\/\/haberbesiktas.tr\/index.php?rest_route=%2Fwp%2Fv2%2Fcategories&post=45131"},{"taxonomy":"post_tag","embeddable":true,"href":"https:\/\/haberbesiktas.tr\/index.php?rest_route=%2Fwp%2Fv2%2Ftags&post=45131"}],"curies":[{"name":"wp","href":"https:\/\/api.w.org\/{rel}","templated":true}]}}