{"id":45309,"date":"2025-07-26T23:35:54","date_gmt":"2025-07-26T23:35:54","guid":{"rendered":"https:\/\/haberbesiktas.tr\/?p=45309"},"modified":"2025-07-26T23:35:54","modified_gmt":"2025-07-26T23:35:54","slug":"aol-3-donem-sinav-sonuclari-ne-zaman-aciklanacak","status":"publish","type":"post","link":"https:\/\/haberbesiktas.tr\/?p=45309","title":{"rendered":"A\u00d6L 3.d\u00f6nem s\u0131nav sonu\u00e7lar\u0131 ne zaman a\u00e7\u0131klanacak?"},"content":{"rendered":"<div><span>Milli E\u011fitim Bakanl\u0131\u011f\u0131 yay\u0131nlad\u0131\u011f\u0131 resmi takvime nazaran, 2024\u20112025 e\u011fitim\u2011\u00f6\u011fretim y\u0131l\u0131 3. periyot A\u00e7\u0131k \u00d6\u011fretim Lisesi (A\u00d6L) imtihanlar\u0131, 19\u201320 Temmuz 2025 tarihlerinde \u00fc\u00e7 oturumda ger\u00e7ekle\u015ftirildi. Ulusal E\u011fitim Bakanl\u0131\u011f\u0131&#8217;n\u0131n yay\u0131mlad\u0131\u011f\u0131 takvime nazaran, A\u00e7\u0131k \u00d6\u011fretim Lisesi (A\u00d6L) 3. periyot yaz\u0131l\u0131 imtihanlar\u0131n\u0131n sonu\u00e7lar\u0131 14 A\u011fustos 2025 Per\u015fembe g\u00fcn\u00fc eri\u015fime a\u00e7\u0131lacak.<\/span><\/p>\n<p><strong>A\u00d6L \u0130MT\u0130HAN SONU\u00c7LARI NASIL \u00d6\u011eREN\u0130L\u0130R?<br \/><\/strong><br \/><span>Adaylar a\u00e7\u0131klama prestijiyle TC kimlik numaras\u0131 ve \u015fifreleriyle aolweb.meb.gov.tr \u00fczerinden imtihan sonu\u00e7lar\u0131n\u0131 \u00f6\u011frenebilecekler. Adaylar\u0131n imtihan net hesaplamas\u0131 yapmalar\u0131na imkan tan\u0131yan soru ve kar\u015f\u0131l\u0131k anahtarlar\u0131 23 Temmuz&#8217;da eri\u015fime a\u00e7\u0131lm\u0131\u015ft\u0131. Bu kapsaml\u0131 duyuru e\u011fitim g\u00fcndeminde yerini ald\u0131.<\/span><\/p>\n<p><strong>A\u00d6L \u0130MT\u0130HAN SONU\u00c7LARI NASIL SORGULANIR?<br \/><\/strong><br \/><span>MEB A\u00e7\u0131k \u00d6\u011fretim Liseleri resmi web sitesine (aol.meb.gov.tr) yahut \u00f6\u011frenci giri\u015f ekran\u0131na gidin.<\/span><\/p>\n<p><span>T.C. kimlik numaran\u0131z ve \u00f6\u011frenci \u015fifrenizle giri\u015f yap\u0131n.<\/span><\/p>\n<p><span>A\u00e7\u0131lan panelden imtihan sonu\u00e7lar\u0131 sekmesine t\u0131klay\u0131n.<\/span><\/p>\n<p><span>S\u0131nav sonu\u00e7lar\u0131 a\u00e7\u0131kland\u0131\u011f\u0131nda, \u00f6\u011frenciler hem do\u011fru-yanl\u0131\u015f say\u0131lar\u0131n\u0131 hem de kredi kazan\u0131m durumlar\u0131n\u0131 g\u00f6rebilecek.<\/span><\/p>\n<\/div>\n<div>Haber ile daha fazlas\u0131na ula\u015f\u0131n:<\/div>\n<div>G\u00fcndem<\/div>\n","protected":false},"excerpt":{"rendered":"<p>A\u00e7\u0131k \u00d6\u011fretim Lisesi (A\u00d6L) 3. periyot s\u0131navlar\u0131, Milli E\u011fitim Bakanl\u0131\u011f\u0131 (MEB) taraf\u0131ndan 20-21 Temmuz 2025 tarihlerinde ger\u00e7ekle\u015ftirilmi\u015fti. \u0130mtihanlara i\u015ftirak sa\u011flayan binlerce \u00f6\u011frenci, art\u0131k g\u00f6z\u00fcn\u00fc sonu\u00e7 a\u00e7\u0131klamas\u0131na \u00e7evirmi\u015f durumda. A\u00d6L imtihan sonu\u00e7lar\u0131n\u0131n a\u00e7\u0131klanaca\u011f\u0131 tarih ve sonu\u00e7lara nas\u0131l ula\u015f\u0131laca\u011f\u0131, \u00f6\u011frenciler taraf\u0131ndan a\u011f\u0131r formda ara\u015ft\u0131r\u0131l\u0131yor.<\/p>\n","protected":false},"author":1,"featured_media":45310,"comment_status":"open","ping_status":"open","sticky":false,"template":"","format":"standard","meta":{"footnotes":""},"categories":[10],"tags":[3128],"class_list":["post-45309","post","type-post","status-publish","format-standard","has-post-thumbnail","hentry","category-basketbol","tag-sinav-sonuclari"],"_links":{"self":[{"href":"https:\/\/haberbesiktas.tr\/index.php?rest_route=\/wp\/v2\/posts\/45309","targetHints":{"allow":["GET"]}}],"collection":[{"href":"https:\/\/haberbesiktas.tr\/index.php?rest_route=\/wp\/v2\/posts"}],"about":[{"href":"https:\/\/haberbesiktas.tr\/index.php?rest_route=\/wp\/v2\/types\/post"}],"author":[{"embeddable":true,"href":"https:\/\/haberbesiktas.tr\/index.php?rest_route=\/wp\/v2\/users\/1"}],"replies":[{"embeddable":true,"href":"https:\/\/haberbesiktas.tr\/index.php?rest_route=%2Fwp%2Fv2%2Fcomments&post=45309"}],"version-history":[{"count":1,"href":"https:\/\/haberbesiktas.tr\/index.php?rest_route=\/wp\/v2\/posts\/45309\/revisions"}],"predecessor-version":[{"id":45311,"href":"https:\/\/haberbesiktas.tr\/index.php?rest_route=\/wp\/v2\/posts\/45309\/revisions\/45311"}],"wp:featuredmedia":[{"embeddable":true,"href":"https:\/\/haberbesiktas.tr\/index.php?rest_route=\/wp\/v2\/media\/45310"}],"wp:attachment":[{"href":"https:\/\/haberbesiktas.tr\/index.php?rest_route=%2Fwp%2Fv2%2Fmedia&parent=45309"}],"wp:term":[{"taxonomy":"category","embeddable":true,"href":"https:\/\/haberbesiktas.tr\/index.php?rest_route=%2Fwp%2Fv2%2Fcategories&post=45309"},{"taxonomy":"post_tag","embeddable":true,"href":"https:\/\/haberbesiktas.tr\/index.php?rest_route=%2Fwp%2Fv2%2Ftags&post=45309"}],"curies":[{"name":"wp","href":"https:\/\/api.w.org\/{rel}","templated":true}]}}