{"id":45312,"date":"2025-07-26T23:47:54","date_gmt":"2025-07-26T23:47:54","guid":{"rendered":"https:\/\/haberbesiktas.tr\/?p=45312"},"modified":"2025-07-26T23:47:54","modified_gmt":"2025-07-26T23:47:54","slug":"eyyam-i-bahur-sicaklari-ne-zaman-bitecek","status":"publish","type":"post","link":"https:\/\/haberbesiktas.tr\/?p=45312","title":{"rendered":"Eyyam-\u0131 bahur s\u0131caklar\u0131 ne zaman bitecek?"},"content":{"rendered":"<div><span>Eyyam-\u0131 Bahur s\u0131caklar\u0131, yaz mevsiminin en s\u0131cak ve bunalt\u0131c\u0131 devrini tabir eden, halk ortas\u0131nda s\u0131k\u00e7a kullan\u0131lan bir tabirdir. Arap\u00e7a k\u00f6kenli olan bu s\u00f6z, &#8220;eyy\u00e2m&#8221; (g\u00fcnler) ve &#8220;bah\u00fbr&#8221; (yak\u0131c\u0131 s\u0131cak) s\u00f6zlerinden olu\u015fur ve tam manas\u0131yla &#8220;yak\u0131c\u0131 s\u0131cak g\u00fcnler&#8221; demektir.<\/span><\/p>\n<p><span>Meteorolojik olarak bu devir, y\u00fcksek bas\u0131n\u00e7 sistemlerinin tesiri alt\u0131nda kal\u0131nan, ya\u011f\u0131\u015fs\u0131z ve dingin g\u00fcnlerin a\u011f\u0131rla\u015ft\u0131\u011f\u0131 vakit dilimidir. Kuzey Afrika \u00e7\u00f6llerinden gelen s\u0131cak hava, T\u00fcrkiye&#8217;nin g\u00fcney b\u00f6lgeleri ba\u015fta olmak \u00fczere bir\u00e7ok vilayette 40 derecenin \u00fczerini g\u00f6rebilen s\u0131cakl\u0131klarla kendini g\u00f6sterir.<\/span><\/p>\n<p><strong>EYYAM-I BAHUR SICAKLARI NE VAK\u0130T BA\u015eLAR B\u0130TER?<br \/><\/strong><br \/><span>Eyyam-\u0131 Bahur, her y\u0131l Temmuz sonu ile A\u011fustos ba\u015f\u0131 ortas\u0131nda, bilhassa Afrika ve Arabistan \u00fczerinden gelen s\u0131cak hava dalgalar\u0131n\u0131n tesiriyle T\u00fcrkiye&#8217;de ve Akdeniz \u00fclkelerinde g\u00f6r\u00fcl\u00fcr.<\/span><\/p>\n<p><span>Bu periyotta:<\/span><\/p>\n<p><span>Hava s\u0131cakl\u0131klar\u0131 mevsim normallerinin hayli \u00fczerine \u00e7\u0131kar.<\/span><\/p>\n<p><span>Nem oran\u0131 artar ve bu da hissedilen s\u0131cakl\u0131\u011f\u0131 daha da y\u00fckseltir.<\/span><\/p>\n<p><span>Gece s\u0131cakl\u0131klar\u0131 d\u00fc\u015fmez, bu da bilhassa ya\u015fl\u0131lar ve kronik rahats\u0131zl\u0131\u011f\u0131 olanlar i\u00e7in zorlay\u0131c\u0131 olur.<\/span><\/p>\n<p><span>Tar\u0131m, g\u00fc\u00e7 ve s\u0131hhat \u00fczere bir\u00e7ok alanda olumsuz tesirler yaratabilir.<\/span><\/div>\n<div>Haber ile daha fazlas\u0131na ula\u015f\u0131n:<\/div>\n<div>G\u00fcndem<\/div>\n","protected":false},"excerpt":{"rendered":"<p>Uzmanlar\u0131n de\u011ferlendirmelerine nazaran, Afrika \u00fczerinden gelen ve yaz aylar\u0131nda tesirini art\u0131ran &#8220;Eyyam-\u0131 Bahur&#8221; s\u0131cak hava dalgas\u0131, T\u00fcrkiye genelinde tesirini hissettirmeye devam ediyor. Meteorolojik bilgilere nazaran bu s\u0131cak hava sistemi, \u00f6n\u00fcm\u00fczdeki g\u00fcnlerde bir\u00e7ok b\u00f6lgede hava s\u0131cakl\u0131klar\u0131n\u0131 mevsim normallerinin epeyce \u00fczerine \u00e7\u0131karacak. Bilhassa G\u00fcneydo\u011fu Anadolu, Akdeniz ve \u0130\u00e7 Anadolu&#8217;nun kimi b\u00f6l\u00fcmlerinde termometrelerin 45 ila 46 dereceye kadar \u00e7\u0131kmas\u0131 \u00f6ng\u00f6r\u00fcl\u00fcyor. Pekala, Eyyam-\u0131 bahur s\u0131caklar\u0131 ne vakit bitecek?<\/p>\n","protected":false},"author":1,"featured_media":45313,"comment_status":"open","ping_status":"open","sticky":false,"template":"","format":"standard","meta":{"footnotes":""},"categories":[10],"tags":[1456],"class_list":["post-45312","post","type-post","status-publish","format-standard","has-post-thumbnail","hentry","category-basketbol","tag-sicak"],"_links":{"self":[{"href":"https:\/\/haberbesiktas.tr\/index.php?rest_route=\/wp\/v2\/posts\/45312","targetHints":{"allow":["GET"]}}],"collection":[{"href":"https:\/\/haberbesiktas.tr\/index.php?rest_route=\/wp\/v2\/posts"}],"about":[{"href":"https:\/\/haberbesiktas.tr\/index.php?rest_route=\/wp\/v2\/types\/post"}],"author":[{"embeddable":true,"href":"https:\/\/haberbesiktas.tr\/index.php?rest_route=\/wp\/v2\/users\/1"}],"replies":[{"embeddable":true,"href":"https:\/\/haberbesiktas.tr\/index.php?rest_route=%2Fwp%2Fv2%2Fcomments&post=45312"}],"version-history":[{"count":1,"href":"https:\/\/haberbesiktas.tr\/index.php?rest_route=\/wp\/v2\/posts\/45312\/revisions"}],"predecessor-version":[{"id":45314,"href":"https:\/\/haberbesiktas.tr\/index.php?rest_route=\/wp\/v2\/posts\/45312\/revisions\/45314"}],"wp:featuredmedia":[{"embeddable":true,"href":"https:\/\/haberbesiktas.tr\/index.php?rest_route=\/wp\/v2\/media\/45313"}],"wp:attachment":[{"href":"https:\/\/haberbesiktas.tr\/index.php?rest_route=%2Fwp%2Fv2%2Fmedia&parent=45312"}],"wp:term":[{"taxonomy":"category","embeddable":true,"href":"https:\/\/haberbesiktas.tr\/index.php?rest_route=%2Fwp%2Fv2%2Fcategories&post=45312"},{"taxonomy":"post_tag","embeddable":true,"href":"https:\/\/haberbesiktas.tr\/index.php?rest_route=%2Fwp%2Fv2%2Ftags&post=45312"}],"curies":[{"name":"wp","href":"https:\/\/api.w.org\/{rel}","templated":true}]}}