{"id":45385,"date":"2025-08-02T05:09:18","date_gmt":"2025-08-02T05:09:18","guid":{"rendered":"https:\/\/haberbesiktas.tr\/?p=45385"},"modified":"2025-08-02T05:09:18","modified_gmt":"2025-08-02T05:09:18","slug":"2025-sozlesmeli-beden-egitimi-ogretmen-alimi-basvurulari-ne-zaman","status":"publish","type":"post","link":"https:\/\/haberbesiktas.tr\/?p=45385","title":{"rendered":"2025 S\u00f6zle\u015fmeli beden e\u011fitimi \u00f6\u011fretmen al\u0131m\u0131 ba\u015fvurular\u0131 ne zaman?"},"content":{"rendered":"<div><span>Milli E\u011fitim Bakanl\u0131\u011f\u0131na ba\u011fl\u0131 resmi e\u011fitim kurumlar\u0131nda v\u00fccut e\u011fitimi \u00f6\u011fretmeni gereksiniminin kar\u015f\u0131lanmas\u0131na y\u00f6nelik 19 ulusal sportmen, kontratl\u0131 \u00f6\u011fretmen olarak atanacak. 2025 Y\u0131l\u0131 Ulusal Atletlerden V\u00fccut E\u011fitimi Alan\u0131na Kontratl\u0131 \u00d6\u011fretmen Atama \u0130\u015flemi Duyurusu ile s\u00fcrecin detaylar\u0131 payla\u015f\u0131ld\u0131.<\/span><\/p>\n<p><strong>S\u00d6ZLE\u015eMEL\u0130 V\u00dcCUT E\u011e\u0130T\u0130M\u0130 \u00d6\u011eRETMEN ALIMI BA\u015eVURULARI NE VAK\u0130T?<br \/><\/strong><br \/><span>Bu kapsamda, m\u00fcracaatlar 11-15 A\u011fustos 2025 tarihleri ortas\u0131nda al\u0131nacak.<\/span><\/p>\n<p><span>Ba\u015fvurular \u00f6ncelikle Gen\u00e7lik ve Spor Bakanl\u0131\u011f\u0131 Spor Hizmetleri Genel M\u00fcd\u00fcrl\u00fc\u011f\u00fcnce 18-20 A\u011fustos 2025 tarihleri ortas\u0131nda pahaland\u0131r\u0131lacak.<\/span><\/p>\n<p><span>Gen\u00e7lik ve Spor Bakanl\u0131\u011f\u0131 Spor Hizmetleri Genel M\u00fcd\u00fcrl\u00fc\u011f\u00fcnce uygun g\u00f6r\u00fclen m\u00fcracaatlara ait bilgiler ile aday\u0131n sisteme y\u00fckledi\u011fi dok\u00fcmanlar, 27-28 A\u011fustos 2025 tarihleri ortas\u0131nda vilayet ulusal e\u011fitim m\u00fcd\u00fcrl\u00fcklerince incelenerek uygun olan m\u00fcracaatlar onaylanacak.<\/span><\/p>\n<p><span>Atama sonu\u00e7lar\u0131, 2025 Nisan Kontratl\u0131 \u00d6\u011fretmenli\u011fe M\u00fcracaat Duyurusu kapsam\u0131nda yap\u0131lacak atamalar ile birlikte ilan edilecek.<\/span><\/p>\n<p><\/div>\n<div>Haber ile daha fazlas\u0131na ula\u015f\u0131n:<\/div>\n<div>G\u00fcndem<\/div>\n","protected":false},"excerpt":{"rendered":"<p>Ulusal E\u011fitim Bakanl\u0131\u011f\u0131na ba\u011fl\u0131 resm\u00ee e\u011fitim kurumlar\u0131n\u0131n v\u00fccut e\u011fitimi alan\u0131nda \u00f6\u011fretmen ihtiyac\u0131n\u0131n kar\u015f\u0131lanmas\u0131na y\u00f6nelik olarak Kontratl\u0131 \u0130\u015f\u00e7i \u00c7al\u0131\u015ft\u0131r\u0131lmas\u0131na Ait As\u0131llar kapsam\u0131nda, 19 kontenjana ulusal atletlerden kontratl\u0131 \u00f6\u011fretmen atamas\u0131 yap\u0131lmak \u00fczere duyuru yay\u0131mlad\u0131. Pekala, kontratl\u0131 v\u00fccut e\u011fitimi \u00f6\u011fretmen al\u0131m\u0131 ba\u015fvurular\u0131 ne vakit ba\u015flayacak?<\/p>\n","protected":false},"author":1,"featured_media":45386,"comment_status":"open","ping_status":"open","sticky":false,"template":"","format":"standard","meta":{"footnotes":""},"categories":[10],"tags":[1674,3326,1698,3282,65],"class_list":["post-45385","post","type-post","status-publish","format-standard","has-post-thumbnail","hentry","category-basketbol","tag-1674","tag-basvurular","tag-egitim","tag-ogretmen","tag-spor"],"_links":{"self":[{"href":"https:\/\/haberbesiktas.tr\/index.php?rest_route=\/wp\/v2\/posts\/45385","targetHints":{"allow":["GET"]}}],"collection":[{"href":"https:\/\/haberbesiktas.tr\/index.php?rest_route=\/wp\/v2\/posts"}],"about":[{"href":"https:\/\/haberbesiktas.tr\/index.php?rest_route=\/wp\/v2\/types\/post"}],"author":[{"embeddable":true,"href":"https:\/\/haberbesiktas.tr\/index.php?rest_route=\/wp\/v2\/users\/1"}],"replies":[{"embeddable":true,"href":"https:\/\/haberbesiktas.tr\/index.php?rest_route=%2Fwp%2Fv2%2Fcomments&post=45385"}],"version-history":[{"count":1,"href":"https:\/\/haberbesiktas.tr\/index.php?rest_route=\/wp\/v2\/posts\/45385\/revisions"}],"predecessor-version":[{"id":45387,"href":"https:\/\/haberbesiktas.tr\/index.php?rest_route=\/wp\/v2\/posts\/45385\/revisions\/45387"}],"wp:featuredmedia":[{"embeddable":true,"href":"https:\/\/haberbesiktas.tr\/index.php?rest_route=\/wp\/v2\/media\/45386"}],"wp:attachment":[{"href":"https:\/\/haberbesiktas.tr\/index.php?rest_route=%2Fwp%2Fv2%2Fmedia&parent=45385"}],"wp:term":[{"taxonomy":"category","embeddable":true,"href":"https:\/\/haberbesiktas.tr\/index.php?rest_route=%2Fwp%2Fv2%2Fcategories&post=45385"},{"taxonomy":"post_tag","embeddable":true,"href":"https:\/\/haberbesiktas.tr\/index.php?rest_route=%2Fwp%2Fv2%2Ftags&post=45385"}],"curies":[{"name":"wp","href":"https:\/\/api.w.org\/{rel}","templated":true}]}}