{"id":4539,"date":"2025-01-18T21:23:59","date_gmt":"2025-01-18T21:23:59","guid":{"rendered":"https:\/\/haberbesiktas.tr\/?p=4539"},"modified":"2025-01-18T21:23:59","modified_gmt":"2025-01-18T21:23:59","slug":"lucas-torreira-bizde-bir-aile-ortami-var","status":"publish","type":"post","link":"https:\/\/haberbesiktas.tr\/?p=4539","title":{"rendered":"Lucas Torreira: &#8220;Bizde bir aile ortam\u0131 var&#8221;"},"content":{"rendered":"<div>Galatasaray&#8217;da Lucas Torreira, Ba\u015fak\u015fehir&#8217;i 2-1 ma\u011flup ettikleri ma\u00e7\u0131n akabinde a\u00e7\u0131klamalar yapt\u0131.<\/p>\n<p>Torreira yapt\u0131\u011f\u0131 a\u00e7\u0131klamada, &#8220;Do\u011frusu zorland\u0131k. \u00c7ok s\u0131k\u0131nt\u0131 bir ma\u00e7 oldu. Rakip de s\u0131k\u0131nt\u0131 bir oyun oynan\u0131yordu. Rakip ikinci toplar\u0131n pe\u015finden ko\u015fuyordu. Uzun oyuncualrdan olu\u015fuyorlar. Hava da so\u011fuktu. Bu kadro, dostlukla, tak\u0131mda\u015fl\u0131kla, Florya&#8217;da \u00e7al\u0131\u015fanlarla, t\u00fcm grupla birlikte bir aile \u00fczereyiz. Bunu alana yans\u0131t\u0131yoruz. Herkes her \u015feyini veriyor.&#8221; dedi.<\/p>\n<p><strong>&#8220;KUPADA DA DEVAM ETMEL\u0130Y\u0130Z&#8221;<\/strong><br \/> Uruguayl\u0131 futbolcu ayr\u0131yeten, &#8220;Devam etmemiz gerekiyor. \u00c7al\u0131\u015fmam\u0131z gerekiyor. Geli\u015fmeye de a\u00e7\u0131k olmam\u0131z laz\u0131m. Bu ligde her ma\u00e7 g\u00fc\u00e7. Konsantre olmam\u0131z gerekiyor. Kupada da devam etmeliyiz, iki y\u0131ld\u0131r eleniyoruz. Taraftar\u0131m\u0131z\u0131 da keyifli etmeliyiz, asl\u0131nda vazifemiz bu.&#8221; s\u00f6zlerini kulland\u0131.<\/p>\n<\/div>\n","protected":false},"excerpt":{"rendered":"<p>Galatasaray&#8217;da Lucas Torreira, Ba\u015fak\u015fehir&#8217;i 2-1 ma\u011flup ettikleri ma\u00e7\u0131n akabinde a\u00e7\u0131klamalarda bulundu.<\/p>\n","protected":false},"author":1,"featured_media":4540,"comment_status":"open","ping_status":"open","sticky":false,"template":"","format":"standard","meta":{"footnotes":""},"categories":[25],"tags":[],"class_list":["post-4539","post","type-post","status-publish","format-standard","has-post-thumbnail","hentry","category-futbol"],"_links":{"self":[{"href":"https:\/\/haberbesiktas.tr\/index.php?rest_route=\/wp\/v2\/posts\/4539","targetHints":{"allow":["GET"]}}],"collection":[{"href":"https:\/\/haberbesiktas.tr\/index.php?rest_route=\/wp\/v2\/posts"}],"about":[{"href":"https:\/\/haberbesiktas.tr\/index.php?rest_route=\/wp\/v2\/types\/post"}],"author":[{"embeddable":true,"href":"https:\/\/haberbesiktas.tr\/index.php?rest_route=\/wp\/v2\/users\/1"}],"replies":[{"embeddable":true,"href":"https:\/\/haberbesiktas.tr\/index.php?rest_route=%2Fwp%2Fv2%2Fcomments&post=4539"}],"version-history":[{"count":1,"href":"https:\/\/haberbesiktas.tr\/index.php?rest_route=\/wp\/v2\/posts\/4539\/revisions"}],"predecessor-version":[{"id":4541,"href":"https:\/\/haberbesiktas.tr\/index.php?rest_route=\/wp\/v2\/posts\/4539\/revisions\/4541"}],"wp:featuredmedia":[{"embeddable":true,"href":"https:\/\/haberbesiktas.tr\/index.php?rest_route=\/wp\/v2\/media\/4540"}],"wp:attachment":[{"href":"https:\/\/haberbesiktas.tr\/index.php?rest_route=%2Fwp%2Fv2%2Fmedia&parent=4539"}],"wp:term":[{"taxonomy":"category","embeddable":true,"href":"https:\/\/haberbesiktas.tr\/index.php?rest_route=%2Fwp%2Fv2%2Fcategories&post=4539"},{"taxonomy":"post_tag","embeddable":true,"href":"https:\/\/haberbesiktas.tr\/index.php?rest_route=%2Fwp%2Fv2%2Ftags&post=4539"}],"curies":[{"name":"wp","href":"https:\/\/api.w.org\/{rel}","templated":true}]}}