{"id":4542,"date":"2025-01-18T22:00:00","date_gmt":"2025-01-18T22:00:00","guid":{"rendered":"https:\/\/haberbesiktas.tr\/?p=4542"},"modified":"2025-01-18T22:00:00","modified_gmt":"2025-01-18T22:00:00","slug":"edin-dzekodan-olay-yaratan-paylasim","status":"publish","type":"post","link":"https:\/\/haberbesiktas.tr\/?p=4542","title":{"rendered":"Edin Dzeko&#8217;dan olay yaratan payla\u015f\u0131m!"},"content":{"rendered":"<div>Fenerbah\u00e7e&#8217;nin kaptan\u0131 Edin Dzeko&#8217;dan fla\u015f bir hareket geldi.<\/p>\n<p> Sar\u0131 lacivertli futbolcu, Galatasaray&#8217;\u0131n Ba\u015fak\u015fehir&#8217;i ma\u011flup etti\u011fi ma\u00e7\u0131n akabinde olay bir payla\u015f\u0131m yapt\u0131.<\/p>\n<p> Dzeko, toplumsal medya hesab\u0131ndan palya\u00e7o payla\u015f\u0131m\u0131 yapt\u0131. Bu payla\u015f\u0131m, Galatasaray ma\u00e7\u0131ndaki hakem kararlar\u0131na g\u00f6nderme olarak alg\u0131land\u0131.<\/p>\n<p> Deneyimli golc\u00fcn\u00fcn bu hareketi, sar\u0131 lacivertli taraftarlar taraf\u0131ndan bir\u00e7ok sefer payla\u015f\u0131ld\u0131.<br \/><img decoding=\"async\" src=\"https:\/\/haberbesiktas.tr\/wp-content\/uploads\/2025\/01\/edin-dzekodan-olay-yaratan-paylasim-0-8UiQTHC2.png\"\/><\/p>\n<\/div>\n","protected":false},"excerpt":{"rendered":"<p>Fenerbah\u00e7e&#8217;nin kaptan\u0131 Edin Dzeko, Galatasaray&#8217;\u0131n Ba\u015fak\u015fehir&#8217;i ma\u011flup etti\u011fi ma\u00e7\u0131n akabinde olay bir payla\u015f\u0131m yapt\u0131.<\/p>\n","protected":false},"author":1,"featured_media":4543,"comment_status":"open","ping_status":"open","sticky":false,"template":"","format":"standard","meta":{"footnotes":""},"categories":[25],"tags":[],"class_list":["post-4542","post","type-post","status-publish","format-standard","has-post-thumbnail","hentry","category-futbol"],"_links":{"self":[{"href":"https:\/\/haberbesiktas.tr\/index.php?rest_route=\/wp\/v2\/posts\/4542","targetHints":{"allow":["GET"]}}],"collection":[{"href":"https:\/\/haberbesiktas.tr\/index.php?rest_route=\/wp\/v2\/posts"}],"about":[{"href":"https:\/\/haberbesiktas.tr\/index.php?rest_route=\/wp\/v2\/types\/post"}],"author":[{"embeddable":true,"href":"https:\/\/haberbesiktas.tr\/index.php?rest_route=\/wp\/v2\/users\/1"}],"replies":[{"embeddable":true,"href":"https:\/\/haberbesiktas.tr\/index.php?rest_route=%2Fwp%2Fv2%2Fcomments&post=4542"}],"version-history":[{"count":1,"href":"https:\/\/haberbesiktas.tr\/index.php?rest_route=\/wp\/v2\/posts\/4542\/revisions"}],"predecessor-version":[{"id":4545,"href":"https:\/\/haberbesiktas.tr\/index.php?rest_route=\/wp\/v2\/posts\/4542\/revisions\/4545"}],"wp:featuredmedia":[{"embeddable":true,"href":"https:\/\/haberbesiktas.tr\/index.php?rest_route=\/wp\/v2\/media\/4543"}],"wp:attachment":[{"href":"https:\/\/haberbesiktas.tr\/index.php?rest_route=%2Fwp%2Fv2%2Fmedia&parent=4542"}],"wp:term":[{"taxonomy":"category","embeddable":true,"href":"https:\/\/haberbesiktas.tr\/index.php?rest_route=%2Fwp%2Fv2%2Fcategories&post=4542"},{"taxonomy":"post_tag","embeddable":true,"href":"https:\/\/haberbesiktas.tr\/index.php?rest_route=%2Fwp%2Fv2%2Ftags&post=4542"}],"curies":[{"name":"wp","href":"https:\/\/api.w.org\/{rel}","templated":true}]}}