{"id":45448,"date":"2025-08-03T04:21:17","date_gmt":"2025-08-03T04:21:17","guid":{"rendered":"https:\/\/haberbesiktas.tr\/?p=45448"},"modified":"2025-08-03T04:21:17","modified_gmt":"2025-08-03T04:21:17","slug":"galatasaray-lazio-maci-kadrosu-ve-muhtemel-ilk-11ler","status":"publish","type":"post","link":"https:\/\/haberbesiktas.tr\/?p=45448","title":{"rendered":"Galatasaray &#8211; Lazio Ma\u00e7\u0131 Kadrosu ve Muhtemel \u0130lk 11&#8217;ler"},"content":{"rendered":"<div>\n<p>Galatasaray Futbol Ekibi, 2025-2026 d\u00f6nemi son haz\u0131rl\u0131k ma\u00e7\u0131nda 2 A\u011fustos Cumartesi g\u00fcn\u00fc \u0130talya tak\u0131m\u0131 Lazio ile kar\u015f\u0131 kar\u015f\u0131ya gelecek.<br \/> RAMS Park&#8217;ta oynanacak kar\u015f\u0131la\u015fma, saat 21.00&#8217;de ba\u015flayacak. U\u011fra\u015f TV100&#8217;den canl\u0131 olarak yay\u0131mlanacak.<\/p>\n<p> <strong>3 \u0130S\u0130M YOK<\/strong><\/p>\n<p> Yeni transfer Victor Osimhen, Mauro Icardi&#8217;nin yan\u0131 s\u0131ra transfer g\u00f6r\u00fc\u015fmeleri i\u00e7in Fransa&#8217;ya giden Frankowski m\u00fcsabakada forma giyemeyecek.<\/p>\n<p> Sar\u0131-k\u0131rm\u0131z\u0131l\u0131lar, yeni d\u00f6nem haz\u0131rl\u0131klar\u0131 kapsam\u0131nda kar\u015f\u0131la\u015ft\u0131\u011f\u0131 Trendyol 1. Lig kadrosu \u00dcmraniyespor&#8217;u 5-2, Avusturya 2. Futbol Ligi tak\u0131m\u0131 Admira Wacker&#8217;\u0131 2-1, \u0130talya temsilcisi Cagliari&#8217;yi 3-1 ve Fransa grubu Strasbourg&#8217;u 3-1 ma\u011flup etmi\u015fti.<\/p>\n<p> <strong>GALATASARAY&#8217;IN M\u00dcMK\u00dcN 11<\/strong><\/p>\n<p> <strong>Muhtemel XI:<\/strong>\u00a0G\u00fcnay, Jakobs, Davinson Sanchez, Abd\u00fclkerim, Torreira, Lemina, Sallai, Sara, Bar\u0131\u015f Alper, Ahmed Kutucu.<\/p>\n<p> <img decoding=\"async\" src=\"https:\/\/haberbesiktas.tr\/wp-content\/uploads\/2025\/08\/galatasaray-lazio-maci-kadrosu-ve-muhtemel-ilk-11ler-0-wLTa8Pkn.jpg\"\/><\/p>\n<p><strong>GALATASARAY &#8211; LAZ\u0130O MA\u00c7I \u015e\u0130FRES\u0130Z CANLI \u0130ZLE<\/strong><\/p>\n<div><img decoding=\"async\" src=\"https:\/\/haberbesiktas.tr\/wp-content\/uploads\/2025\/08\/galatasaray-lazio-maci-kadrosu-ve-muhtemel-ilk-11ler-1-KGcN5lc2.png\"\/><\/div>\n<p><\/div>\n<div>Haber ile daha fazlas\u0131na ula\u015f\u0131n:<\/div>\n<div>G\u00fcndem<\/div>\n","protected":false},"excerpt":{"rendered":"<p>Galatasaray, 2025-2026 d\u00f6nemi haz\u0131rl\u0131klar\u0131 kapsam\u0131nda Lazio ile kar\u015f\u0131 kar\u015f\u0131ya gelecek. \u0130\u015fte Galatasaray &#8211; Lazio ma\u00e7\u0131 tak\u0131m\u0131 ve beklenen birinci 11&#8217;ler<\/p>\n","protected":false},"author":1,"featured_media":45449,"comment_status":"open","ping_status":"open","sticky":false,"template":"","format":"standard","meta":{"footnotes":""},"categories":[10],"tags":[],"class_list":["post-45448","post","type-post","status-publish","format-standard","has-post-thumbnail","hentry","category-basketbol"],"_links":{"self":[{"href":"https:\/\/haberbesiktas.tr\/index.php?rest_route=\/wp\/v2\/posts\/45448","targetHints":{"allow":["GET"]}}],"collection":[{"href":"https:\/\/haberbesiktas.tr\/index.php?rest_route=\/wp\/v2\/posts"}],"about":[{"href":"https:\/\/haberbesiktas.tr\/index.php?rest_route=\/wp\/v2\/types\/post"}],"author":[{"embeddable":true,"href":"https:\/\/haberbesiktas.tr\/index.php?rest_route=\/wp\/v2\/users\/1"}],"replies":[{"embeddable":true,"href":"https:\/\/haberbesiktas.tr\/index.php?rest_route=%2Fwp%2Fv2%2Fcomments&post=45448"}],"version-history":[{"count":1,"href":"https:\/\/haberbesiktas.tr\/index.php?rest_route=\/wp\/v2\/posts\/45448\/revisions"}],"predecessor-version":[{"id":45452,"href":"https:\/\/haberbesiktas.tr\/index.php?rest_route=\/wp\/v2\/posts\/45448\/revisions\/45452"}],"wp:featuredmedia":[{"embeddable":true,"href":"https:\/\/haberbesiktas.tr\/index.php?rest_route=\/wp\/v2\/media\/45449"}],"wp:attachment":[{"href":"https:\/\/haberbesiktas.tr\/index.php?rest_route=%2Fwp%2Fv2%2Fmedia&parent=45448"}],"wp:term":[{"taxonomy":"category","embeddable":true,"href":"https:\/\/haberbesiktas.tr\/index.php?rest_route=%2Fwp%2Fv2%2Fcategories&post=45448"},{"taxonomy":"post_tag","embeddable":true,"href":"https:\/\/haberbesiktas.tr\/index.php?rest_route=%2Fwp%2Fv2%2Ftags&post=45448"}],"curies":[{"name":"wp","href":"https:\/\/api.w.org\/{rel}","templated":true}]}}