{"id":45464,"date":"2025-08-03T05:09:16","date_gmt":"2025-08-03T05:09:16","guid":{"rendered":"https:\/\/haberbesiktas.tr\/?p=45464"},"modified":"2025-08-03T05:09:16","modified_gmt":"2025-08-03T05:09:16","slug":"osimhen-imza-toreni-canli-izle-saat-kacta-hangi-kanalda-galatasarayda-osimhen-ve-sane-imza-toreni-canli-izle","status":"publish","type":"post","link":"https:\/\/haberbesiktas.tr\/?p=45464","title":{"rendered":"Osimhen imza t\u00f6reni canl\u0131 izle: Saat ka\u00e7ta, hangi kanalda? | Galatasaray&#8217;da Osimhen ve Sane imza t\u00f6reni canl\u0131 izle"},"content":{"rendered":"<div><span>Galatasaray bug\u00fcn Victor Osimhen&#8217;i imza i\u00e7in \u0130stanbul&#8217;a getirmeye haz\u0131rlan\u0131yor. Sar\u0131-k\u0131rm\u0131z\u0131l\u0131lar\u0131n Nijeryal\u0131 golc\u00fc i\u00e7in imza merasimi de d\u00fczenleyece\u011fi ortaya \u00e7\u0131kt\u0131. Victor Osimhen&#8217;in imza merasimi ne vakit, saat ka\u00e7ta ve nerede yap\u0131laca\u011f\u0131 g\u00fcndem oldu. Merasime Galatasaray&#8217;\u0131n yeni transferi Leroy Sane&#8217;de kat\u0131lacak.<\/span><\/p>\n<p><strong>Osimhen ve Sane \u0130mza Merasimi Ne Vakit, Saat Ka\u00e7ta?<br \/><\/strong><br \/><span>Galatasaray, yaz transfer devrinin en de\u011ferli at\u0131l\u0131mlar\u0131ndan ikisi olan Victor Osimhen ve Leroy Sane i\u00e7in taraftarlar\u0131n\u0131n \u00f6n\u00fcnde unutulmaz bir imza merasimi d\u00fczenliyor. Rams Park&#8217;ta, Lazio ma\u00e7\u0131 \u00f6ncesi ger\u00e7ekle\u015fecek olan merasim, 2 A\u011fustos Cumartesi g\u00fcn\u00fc saat 19.30&#8217;da ba\u015flayacak. Taraftarlar, kapal\u0131 gi\u015fe olmas\u0131 beklenen stadyumda yeni transferlerine &#8220;ho\u015f geldin&#8221; diyecek.<\/span><\/p>\n<p><strong>\u0130mza Merasimi Hangi Kanalda Canl\u0131 Yay\u0131nlanacak?<br \/><\/strong><br \/><span>Galatasaray&#8217;\u0131n fla\u015f transferlerinin imza merasimi, Galatasaray&#8217;\u0131n resmi YouTube kanal\u0131ndan canl\u0131 olarak yay\u0131nlanacak. Ayr\u0131yeten, kul\u00fcb\u00fcn toplumsal medya hesaplar\u0131 \u00fczerinden de merasime ait anl\u0131k payla\u015f\u0131mlar yap\u0131lacak.<\/span><\/p>\n<p><strong>Galatasaray &#8211; Lazio Ma\u00e7\u0131 Ne Vakit, Saat Ka\u00e7ta, Hangi Kanalda?<br \/><\/strong><br \/><span>\u0130mza merasiminin \u00e7abucak akabinde, Galatasaray alanda Lazio ile kar\u015f\u0131 kar\u015f\u0131ya gelecek. Haz\u0131rl\u0131k ma\u00e7\u0131, 2 A\u011fustos Cumartesi g\u00fcn\u00fc saat 21.00&#8217;da ba\u015flayacak ve S Sport Plus ekranlar\u0131ndan canl\u0131 olarak izlenebilecek.<\/span><\/div>\n<div>Haber ile daha fazlas\u0131na ula\u015f\u0131n:<\/div>\n<div>G\u00fcndem<\/div>\n","protected":false},"excerpt":{"rendered":"<p>Galatasaray, yeni y\u0131ld\u0131zlar\u0131 Victor Osimhen ve Leroy Sane&#8217;nin imza merasimi i\u00e7in haz\u0131rl\u0131klar\u0131n\u0131 tamamlad\u0131. Taraftarlar\u0131n merakla bekledi\u011fi bu \u00f6zel an, Lazio ma\u00e7\u0131 \u00f6ncesinde ger\u00e7ekle\u015fecek. Pekala, imza merasimi ne vakit, saat ka\u00e7ta ve hangi kanalda yay\u0131nlanacak? \u0130\u015fte t\u00fcm ayr\u0131nt\u0131lar&#8230;<\/p>\n","protected":false},"author":1,"featured_media":45465,"comment_status":"open","ping_status":"open","sticky":false,"template":"","format":"standard","meta":{"footnotes":""},"categories":[10],"tags":[129,3435,1344],"class_list":["post-45464","post","type-post","status-publish","format-standard","has-post-thumbnail","hentry","category-basketbol","tag-galatasaray","tag-imza-toreni","tag-saat"],"_links":{"self":[{"href":"https:\/\/haberbesiktas.tr\/index.php?rest_route=\/wp\/v2\/posts\/45464","targetHints":{"allow":["GET"]}}],"collection":[{"href":"https:\/\/haberbesiktas.tr\/index.php?rest_route=\/wp\/v2\/posts"}],"about":[{"href":"https:\/\/haberbesiktas.tr\/index.php?rest_route=\/wp\/v2\/types\/post"}],"author":[{"embeddable":true,"href":"https:\/\/haberbesiktas.tr\/index.php?rest_route=\/wp\/v2\/users\/1"}],"replies":[{"embeddable":true,"href":"https:\/\/haberbesiktas.tr\/index.php?rest_route=%2Fwp%2Fv2%2Fcomments&post=45464"}],"version-history":[{"count":1,"href":"https:\/\/haberbesiktas.tr\/index.php?rest_route=\/wp\/v2\/posts\/45464\/revisions"}],"predecessor-version":[{"id":45466,"href":"https:\/\/haberbesiktas.tr\/index.php?rest_route=\/wp\/v2\/posts\/45464\/revisions\/45466"}],"wp:featuredmedia":[{"embeddable":true,"href":"https:\/\/haberbesiktas.tr\/index.php?rest_route=\/wp\/v2\/media\/45465"}],"wp:attachment":[{"href":"https:\/\/haberbesiktas.tr\/index.php?rest_route=%2Fwp%2Fv2%2Fmedia&parent=45464"}],"wp:term":[{"taxonomy":"category","embeddable":true,"href":"https:\/\/haberbesiktas.tr\/index.php?rest_route=%2Fwp%2Fv2%2Fcategories&post=45464"},{"taxonomy":"post_tag","embeddable":true,"href":"https:\/\/haberbesiktas.tr\/index.php?rest_route=%2Fwp%2Fv2%2Ftags&post=45464"}],"curies":[{"name":"wp","href":"https:\/\/api.w.org\/{rel}","templated":true}]}}