{"id":45489,"date":"2025-08-07T23:57:03","date_gmt":"2025-08-07T23:57:03","guid":{"rendered":"https:\/\/haberbesiktas.tr\/?p=45489"},"modified":"2025-08-07T23:57:03","modified_gmt":"2025-08-07T23:57:03","slug":"s-sport-plus-turkcell-tv-plusda-var-mi-kacinci-kanalda","status":"publish","type":"post","link":"https:\/\/haberbesiktas.tr\/?p=45489","title":{"rendered":"S Sport Plus Turkcell TV+ Plus&#8217;da Var m\u0131, Ka\u00e7\u0131nc\u0131 Kanalda?"},"content":{"rendered":"<div>Feyenoord &#8211; Fenerbah\u00e7e ma\u00e7\u0131 ne vakit, hangi kanalda, \u015fifreli mi? UEFA \u015eampiyonlar Ligi 3. eleme tipinde Feyenoord ile kar\u015f\u0131 kar\u015f\u0131ya gelecek olan Fenerbah\u00e7e&#8217;nin bu kritik \u00e7abas\u0131, S Sport Plus ekranlar\u0131ndan yay\u0131nlanacak.\u00a0<\/p>\n<p><strong>S Sport Plus, Turkcell TV+&#8217;da Var m\u0131?<br \/><\/strong><br \/><span>Hay\u0131r.\u00a0<\/span><span>S Sport Plus, Turkcell TV+ kanal listesinde yer almamaktad\u0131r.<br \/><\/span><br \/><span>Yani TV+ kullan\u0131c\u0131lar\u0131, televizyonlar\u0131 \u00fczerinden S Sport Plus i\u00e7eriklerine direkt eri\u015femezler.<\/p>\n<p><strong>FEYENOORD &#8211; FENERBAH\u00c7E MA\u00c7I CANLI \u0130ZLE<br \/><\/strong> <\/p>\n<div><img decoding=\"async\" src=\"https:\/\/haberbesiktas.tr\/wp-content\/uploads\/2025\/08\/s-sport-plus-turkcell-tv-plusda-var-mi-kacinci-kanalda-0-uNiDfmkj.png\"\/><\/div>\n<p><strong><\/p>\n<p><img decoding=\"async\" src=\"https:\/\/haberbesiktas.tr\/wp-content\/uploads\/2025\/08\/s-sport-plus-turkcell-tv-plusda-var-mi-kacinci-kanalda-1-AgI6ce1M.jpeg\"\/><\/strong><br \/><\/span><\/div>\n<div>Haber ile daha fazlas\u0131na ula\u015f\u0131n:<\/div>\n<div>G\u00fcndem<\/div>\n","protected":false},"excerpt":{"rendered":"<p>Feyenoord &#8211; Fenerbah\u00e7e ma\u00e7\u0131n\u0131 izlemek isteyen taraftarlar\u0131n ara\u015ft\u0131rd\u0131\u011f\u0131 en k\u0131ymetli hususlardan biri de \u015fu: S Sport Plus, Turkcell TV+ platformunda var m\u0131? Fenerbah\u00e7e&#8217;nin UEFA \u015eampiyonlar Ligi 3. eleme tipindeki kuvvetli gayreti \u00f6ncesinde, futbolseverler dijital yay\u0131n se\u00e7eneklerini sorguluyor. Bu ba\u011flamda &#8220;S Sport Plus TV+&#8217;da ka\u00e7\u0131nc\u0131 kanalda?&#8221;, &#8220;TV+ \u00fczerinden izlenir mi?&#8221;, &#8220;\u015eifresiz mi, \u00fcyelik gerekiyor mu?&#8221; \u00fczere sorulara a\u00e7\u0131kl\u0131k getiriyoruz.<\/p>\n","protected":false},"author":1,"featured_media":45490,"comment_status":"open","ping_status":"open","sticky":false,"template":"","format":"standard","meta":{"footnotes":""},"categories":[10],"tags":[],"class_list":["post-45489","post","type-post","status-publish","format-standard","has-post-thumbnail","hentry","category-basketbol"],"_links":{"self":[{"href":"https:\/\/haberbesiktas.tr\/index.php?rest_route=\/wp\/v2\/posts\/45489","targetHints":{"allow":["GET"]}}],"collection":[{"href":"https:\/\/haberbesiktas.tr\/index.php?rest_route=\/wp\/v2\/posts"}],"about":[{"href":"https:\/\/haberbesiktas.tr\/index.php?rest_route=\/wp\/v2\/types\/post"}],"author":[{"embeddable":true,"href":"https:\/\/haberbesiktas.tr\/index.php?rest_route=\/wp\/v2\/users\/1"}],"replies":[{"embeddable":true,"href":"https:\/\/haberbesiktas.tr\/index.php?rest_route=%2Fwp%2Fv2%2Fcomments&post=45489"}],"version-history":[{"count":1,"href":"https:\/\/haberbesiktas.tr\/index.php?rest_route=\/wp\/v2\/posts\/45489\/revisions"}],"predecessor-version":[{"id":45493,"href":"https:\/\/haberbesiktas.tr\/index.php?rest_route=\/wp\/v2\/posts\/45489\/revisions\/45493"}],"wp:featuredmedia":[{"embeddable":true,"href":"https:\/\/haberbesiktas.tr\/index.php?rest_route=\/wp\/v2\/media\/45490"}],"wp:attachment":[{"href":"https:\/\/haberbesiktas.tr\/index.php?rest_route=%2Fwp%2Fv2%2Fmedia&parent=45489"}],"wp:term":[{"taxonomy":"category","embeddable":true,"href":"https:\/\/haberbesiktas.tr\/index.php?rest_route=%2Fwp%2Fv2%2Fcategories&post=45489"},{"taxonomy":"post_tag","embeddable":true,"href":"https:\/\/haberbesiktas.tr\/index.php?rest_route=%2Fwp%2Fv2%2Ftags&post=45489"}],"curies":[{"name":"wp","href":"https:\/\/api.w.org\/{rel}","templated":true}]}}