{"id":4549,"date":"2025-01-18T22:36:01","date_gmt":"2025-01-18T22:36:01","guid":{"rendered":"https:\/\/haberbesiktas.tr\/?p=4549"},"modified":"2025-01-18T22:36:01","modified_gmt":"2025-01-18T22:36:01","slug":"baris-alper-gollerimi-ahmet-calika-armagan-ediyorum","status":"publish","type":"post","link":"https:\/\/haberbesiktas.tr\/?p=4549","title":{"rendered":"Bar\u0131\u015f Alper: &#8220;Gollerimi Ahmet \u00c7al\u0131k&#8217;a arma\u011fan ediyorum&#8221;"},"content":{"rendered":"<div>Galatasaray&#8217;\u0131n 24 ya\u015f\u0131ndaki y\u0131ld\u0131z\u0131 Bar\u0131\u015f Alper Y\u0131lmaz, RAMS Ba\u015fak\u015fehir galibiyetinin akabinde a\u00e7\u0131klamalarda bulundu.<\/p>\n<p>Ba\u015fak\u015fehir&#8217;e kar\u015f\u0131 att\u0131\u011f\u0131 golleri Ahmet \u00c7al\u0131k&#8217;a arma\u011fan etti\u011fini tabir eden Y\u0131lmaz,<strong>\u00a0<\/strong><span><strong>&#8220;D\u0131\u015far\u0131da g\u00fc\u00e7l\u00fc ko\u015fullar vard\u0131, \u00e7ok so\u011fuktu. Kazanmay\u0131 bildik. Att\u0131\u011f\u0131m gollerden dolay\u0131 memnunum. Bu gollerimi apans\u0131z ortam\u0131zdan ayr\u0131lan Ahmet \u00c7al\u0131k&#8217;a arma\u011fan ediyorum. Yeri cennet olsun.&#8221;<\/strong> tabirlerini kulland\u0131.<\/span><\/div>\n","protected":false},"excerpt":{"rendered":"<p>Galatasaray&#8217;\u0131n ulusal futbolcusu Bar\u0131\u015f Alper Y\u0131lmaz, deplasmanda Ba\u015fak\u015fehir&#8217;i 2-1 ma\u011flup ettikleri ma\u00e7\u0131n akabinde konu\u015ftu.<\/p>\n","protected":false},"author":1,"featured_media":4550,"comment_status":"open","ping_status":"open","sticky":false,"template":"","format":"standard","meta":{"footnotes":""},"categories":[25],"tags":[],"class_list":["post-4549","post","type-post","status-publish","format-standard","has-post-thumbnail","hentry","category-futbol"],"_links":{"self":[{"href":"https:\/\/haberbesiktas.tr\/index.php?rest_route=\/wp\/v2\/posts\/4549","targetHints":{"allow":["GET"]}}],"collection":[{"href":"https:\/\/haberbesiktas.tr\/index.php?rest_route=\/wp\/v2\/posts"}],"about":[{"href":"https:\/\/haberbesiktas.tr\/index.php?rest_route=\/wp\/v2\/types\/post"}],"author":[{"embeddable":true,"href":"https:\/\/haberbesiktas.tr\/index.php?rest_route=\/wp\/v2\/users\/1"}],"replies":[{"embeddable":true,"href":"https:\/\/haberbesiktas.tr\/index.php?rest_route=%2Fwp%2Fv2%2Fcomments&post=4549"}],"version-history":[{"count":1,"href":"https:\/\/haberbesiktas.tr\/index.php?rest_route=\/wp\/v2\/posts\/4549\/revisions"}],"predecessor-version":[{"id":4551,"href":"https:\/\/haberbesiktas.tr\/index.php?rest_route=\/wp\/v2\/posts\/4549\/revisions\/4551"}],"wp:featuredmedia":[{"embeddable":true,"href":"https:\/\/haberbesiktas.tr\/index.php?rest_route=\/wp\/v2\/media\/4550"}],"wp:attachment":[{"href":"https:\/\/haberbesiktas.tr\/index.php?rest_route=%2Fwp%2Fv2%2Fmedia&parent=4549"}],"wp:term":[{"taxonomy":"category","embeddable":true,"href":"https:\/\/haberbesiktas.tr\/index.php?rest_route=%2Fwp%2Fv2%2Fcategories&post=4549"},{"taxonomy":"post_tag","embeddable":true,"href":"https:\/\/haberbesiktas.tr\/index.php?rest_route=%2Fwp%2Fv2%2Ftags&post=4549"}],"curies":[{"name":"wp","href":"https:\/\/api.w.org\/{rel}","templated":true}]}}