{"id":45501,"date":"2025-08-08T00:21:03","date_gmt":"2025-08-08T00:21:03","guid":{"rendered":"https:\/\/haberbesiktas.tr\/?p=45501"},"modified":"2025-08-08T00:21:03","modified_gmt":"2025-08-08T00:21:03","slug":"feyenoord-fenerbahce-maci-canli-izle-sifresiz-maci-izle","status":"publish","type":"post","link":"https:\/\/haberbesiktas.tr\/?p=45501","title":{"rendered":"Feyenoord &#8211; Fenerbah\u00e7e Ma\u00e7\u0131 Canl\u0131 \u0130zle: \u015eifresiz Ma\u00e7\u0131 \u0130zle"},"content":{"rendered":"<div>Feyenoord &#8211; Fenerbah\u00e7e ma\u00e7\u0131 hangi kanalda, saat ka\u00e7ta? | Feyenoord &#8211; Fenerbah\u00e7e ma\u00e7\u0131 saati: Nereden izlenir? | Feyenoord &#8211; Fenerbah\u00e7e ma\u00e7\u0131n\u0131 Sel\u00e7uk Sports, Taraftarium24, Justin TV, Facebook, Twitter, Yandex, Matbet, Kralbozguncu yahut gibisi korsan yay\u0131n sitelerinden izlemek yasad\u0131\u015f\u0131d\u0131r. Fiyatl\u0131 dijital platformlardan biri olan S Sport Plus \u00fczerinden canl\u0131 ve y\u00fcksek kaliteli yay\u0131nla izlenebilecek olan Feyenoord &#8211; Fenerbah\u00e7e ma\u00e7\u0131n\u0131n tak\u0131m\u0131 ve olas\u0131 11&#8217;leri \u015fimdi netle\u015fmedi. Pekala, Feyenoord &#8211; Fenerbah\u00e7e ma\u00e7\u0131 ne vakit, saat ka\u00e7ta, hangi kanalda? \u0130\u015fte Feyenoord &#8211; Fenerbah\u00e7e ma\u00e7\u0131n\u0131 canl\u0131 izlemek isteyenler i\u00e7in t\u00fcm yay\u0131n ve ma\u00e7 ayr\u0131nt\u0131lar\u0131&#8230;<\/p>\n<p><strong>FEYENOORD &#8211; FENERBAH\u00c7E MA\u00c7I \u015e\u0130FRES\u0130Z CANLI \u0130ZLE<\/p>\n<p><\/strong>\u26bd Ma\u00e7 G\u00fcn\u00fc: 6 A\u011fustos 2025, \u00c7ar\u015famba<br \/>\ud83d\udd58 Ba\u015flama Saati: 22.00 (TS\u0130)<br \/>\ud83d\udccd Stadyum: De Kuip, Rotterdam<br \/>\ud83c\udfa5 Yay\u0131nc\u0131lar: S Sport Plus (\u015fifreli), Tuttur.com (\u015fifresiz)<\/p>\n<p><strong>FEYENOORD &#8211; FENERBAH\u00c7E MA\u00c7I CANLI \u0130ZLE<br \/><\/strong> <\/p>\n<div><img decoding=\"async\" src=\"https:\/\/haberbesiktas.tr\/wp-content\/uploads\/2025\/08\/feyenoord-fenerbahce-maci-canli-izle-sifresiz-maci-izle-0-Fpx6bdb4.png\"\/><\/div>\n<p><strong><\/p>\n<p><img decoding=\"async\" src=\"https:\/\/haberbesiktas.tr\/wp-content\/uploads\/2025\/08\/feyenoord-fenerbahce-maci-canli-izle-sifresiz-maci-izle-1-JjmeZZeg.jpeg\"\/><\/strong><\/p>\n<p><strong>FEYENOORD &#8211; FENERBAH\u00c7E MA\u00c7I NE VAK\u0130T, SAAT KA\u00c7TA?<br \/><\/strong><br \/>\u015eampiyonlar Ligi&#8217;nde k\u00fcmelere kalmak isteyen Fenerbah\u00e7e, 2025-2026 d\u00f6nemindeki birinci resmi imtihan\u0131n\u0131 veriyor. Jose Mourinho idaresindeki sar\u0131-lacivertli tak\u0131m, UEFA \u015eampiyonlar Ligi 3. \u00f6n eleme \u00e7e\u015fidinde Hollanda&#8217;n\u0131n k\u00f6kl\u00fc kul\u00fcb\u00fc Feyenoord ile kar\u015f\u0131la\u015f\u0131yor. Kuvvetli \u00e7aba, 6 A\u011fustos 2025 \u00c7ar\u015famba g\u00fcn\u00fc saat 22.00&#8217;de, Rotterdam&#8217;da bulunan De Kuip Stad\u0131&#8217;nda oynanacak.<\/p>\n<p>Ma\u00e7\u0131n hakem tak\u0131m\u0131 da UEFA taraf\u0131ndan a\u00e7\u0131kland\u0131. \u0130sve\u00e7 Futbol Federasyonu&#8217;ndan Glenn Nyberg ma\u00e7\u0131n hakemi olacak. Yard\u0131mc\u0131lar\u0131 ise yeniden \u0130sve\u00e7li olan Mahbod Beigi ve Andreas S\u00f6derkvist olacak.<\/p>\n<p>Fenerbah\u00e7e&#8217;nin bu birinci m\u00fcsabakadaki amac\u0131, deplasmanda avantajl\u0131 bir skor elde edip, 12 A\u011fustos&#8217;ta \u0130stanbul&#8217;da oynanacak r\u00f6van\u015f ma\u00e7\u0131 \u00f6ncesinde moral bulmak.<\/p>\n<p><strong>FEYENOORD &#8211; FENERBAH\u00c7E MA\u00c7I HANG\u0130 KANALDA?<br \/><\/strong><br \/>Milyonlarca Fenerbah\u00e7eli taraftar\u0131n merakla bekledi\u011fi bu kritik \u00e7aba, S Sport Plus \u00fczerinden canl\u0131 yay\u0131nlanacak. Lakin bu platforma eri\u015fim i\u00e7in \u00fcyelik kaidesi bulunuyor. Yani ma\u00e7 \u015fifresiz yay\u0131nlanmayacak. S Sport Plus \u00fcyeli\u011finiz varsa bilgisayar, telefon, tablet ve ak\u0131ll\u0131 TV&#8217;lerden m\u00fcsabakay\u0131 y\u00fcksek \u00e7\u00f6z\u00fcn\u00fcrl\u00fckte izleyebilirsiniz.<\/p>\n<p>\ud83d\udce1 Ma\u00e7 uydu \u00fczerinden ya da rastgele bir \u015fifresiz TV kanal\u0131ndan yay\u0131nlanmayacakt\u0131r.<\/p>\n<p><strong>FENERBAH\u00c7E MA\u00c7 \u00d6NCES\u0130 HAZIRLIKLARINI TAMAMLADI<br \/><\/strong><br \/>Fenerbah\u00e7e, 2024-2025 d\u00f6nemini Trendyol S\u00fcper Lig&#8217;de 2. s\u0131rada tamamlad\u0131ktan sonra \u015eampiyonlar Ligi&#8217;ne 3. \u00f6n eleme \u00e7e\u015fidinden kat\u0131lma hakk\u0131 kazand\u0131. Yeni teknik y\u00f6netici Jose Mourinho \u00f6nderli\u011finde d\u00f6neme b\u00fcy\u00fck umutlarla giren sar\u0131-lacivertliler, haz\u0131rl\u0131k kamp\u0131n\u0131 Portekiz&#8217;de ger\u00e7ekle\u015ftirdi.<\/p>\n<p>Haz\u0131rl\u0131k devrinde 3 haz\u0131rl\u0131k ma\u00e7\u0131 oynayan Fenerbah\u00e7e, bu m\u00fcsabakalarda 3 galibiyet ald\u0131 ve yaln\u0131zca Benfica&#8217;ya 3-2 ma\u011flup oldu. Kamp sonras\u0131 \u0130stanbul&#8217;da Lazio ile bir \u00f6zel ma\u00e7 yapan Fenerbah\u00e7e, d\u00f6neme haz\u0131r oldu\u011funu g\u00f6sterdi.<\/p>\n<p><strong>FENERBAH\u00c7E&#8217;N\u0130N UEFA&#8217;YA B\u0130LD\u0130RD\u0130\u011e\u0130 KADRO<br \/><\/strong><br \/>Fenerbah\u00e7e, UEFA&#8217;ya \u015eampiyonlar Ligi i\u00e7in tak\u0131m\u0131n\u0131 bildirdi. Sakatl\u0131k yahut teknik kararla kimi oyuncular listede yer almad\u0131. Tak\u0131mda dikkat \u00e7eken kimi isimler \u015f\u00f6yle:<\/p>\n<p><strong>Kadrodaki oyuncular:<\/strong><\/p>\n<p>Kaleciler: \u0130rfan Can E\u011fribayat, Tar\u0131k \u00c7etin, Dominik Livakovic<\/p>\n<p>Defans: \u00c7a\u011flar S\u00f6y\u00fcnc\u00fc, Alexander Djiku, Yi\u011fit Efe Demir, Mert M\u00fcld\u00fcr, Jayden Oosterwolde, Nelson Semedo, Milan Skriniar<\/p>\n<p>Orta saha: Yusuf Ak\u00e7i\u00e7ek, \u0130smail Y\u00fcksek, Fred, \u0130rfan Can Kahveci, Levent Mercan, Bartu\u011f Elmaz, Archie Brown, Sofyan Amrabat, Sebastian Szymanski<\/p>\n<p>Forvet: O\u011fuz Ayd\u0131n, Talisca, Jhon Duran, Youssef En-Nesyri, Cenk Tosun<\/p>\n<p>Kadroya al\u0131nmayan oyuncular: Diego Carlos, Cengiz \u00dcnder, Mert Hakan Yanda\u015f, Rodrigo Becao<\/p>\n<p><strong>FENERBAH\u00c7E BEKLENEN 11 (Jose Mourinho)<br \/><\/strong><br \/>Fenerbah\u00e7e&#8217;nin yeni d\u00f6nem \u00f6ncesi haz\u0131rl\u0131k ma\u00e7lar\u0131nda denedi\u011fi sistem \u00fczerinden ilerlemesi bekleniyor. Mourinho&#8217;nun Feyenoord kar\u015f\u0131s\u0131nda daha defansif ve denetimli bir tak\u0131mla alana \u00e7\u0131kaca\u011f\u0131 varsay\u0131m ediliyor.<\/p>\n<p><strong>\ud83d\udfe1\ud83d\udd35 Olas\u0131 11:<br \/><\/strong><br \/>Livakovic \u2013 Semedo, Skriniar, Djiku, Oosterwolde \u2013 Amrabat, Fred \u2013 \u0130rfan Can, Szymanski, Talisca \u2013 En-Nesyri<\/p>\n<p>\ud83d\udcdd Alternatifler: \u00c7a\u011flar S\u00f6y\u00fcnc\u00fc, Mert M\u00fcld\u00fcr, \u0130smail Y\u00fcksek, Cenk Tosun<\/p>\n<p><strong>FEYENOORD BEKLENEN 11 (Arne Slot)<br \/><\/strong><br \/>Hollanda temsilcisi Feyenoord, i\u00e7 alanda oynayaca\u011f\u0131 bu m\u00fcsabakada tempolu ve topa sahip olan bir oyun anlay\u0131\u015f\u0131 benimseyecek. Teknik y\u00f6netici Arne Slot&#8217;un, \u00fclk\u00fc 11&#8217;iyle alana \u00e7\u0131kmas\u0131 bekleniyor.<\/p>\n<p><strong>\u2764\ufe0f\u26aa M\u00fcmk\u00fcn 11:<br \/><\/strong><br \/>Bijlow \u2013 Geertruida, Hancko, Trauner, L\u00f3pez \u2013 Wieffer, Zerrouki \u2013 Jahanbakhsh, Timber, Stengs \u2013 Gim\u00e9nez<\/p>\n<p>\ud83d\udcdd Alternatifler: Minteh, Paix\u00e3o, Dilrosun, Nieuwkoop<\/p>\n<p><strong>FENERBAH\u00c7E&#8217;DE K\u0130MLER EKS\u0130K?<br \/><\/strong><br \/>Fenerbah\u00e7e&#8217;nin UEFA tak\u0131m\u0131nda Diego Carlos, Cengiz \u00dcnder, Mert Hakan Yanda\u015f ve Rodrigo Becao yer alm\u0131yor. Bu isimlerin teknik tercihler ya da sakatl\u0131k sebebiyle listede yer almad\u0131\u011f\u0131 tabir edildi.<\/p>\n<p>Ayr\u0131ca gen\u00e7 oyunculardan Joshua King, Lincoln Henrique ve Luan Peres de listede bulunmuyor.<\/p>\n<p><strong>FEYENOORD &#8211; FENERBAH\u00c7E MA\u00c7I CANLI \u0130ZLE EKRANI<br \/><\/strong><br \/>Fenerbah\u00e7e&#8217;nin Avrupa seyahatindeki birinci resmi m\u00fcsabakas\u0131n\u0131 canl\u0131 izlemek i\u00e7in S Sport Plus platformunu tercih edebilirsiniz.<\/div>\n<div>Haber ile daha fazlas\u0131na ula\u015f\u0131n:<\/div>\n<div>G\u00fcndem<\/div>\n","protected":false},"excerpt":{"rendered":"<p>Feyenoord &#8211; Fenerbah\u00e7e ma\u00e7\u0131 \u015fifresiz mi, \u015fifreli mi? Fenerbah\u00e7e&#8217;nin UEFA \u015eampiyonlar Ligi 3. \u00f6n eleme cinsinde Feyenoord ile oynayaca\u011f\u0131 kritik ma\u00e7 \u00f6ncesinde yay\u0131n bilgileri belirli oldu. Hollanda deplasman\u0131nda alana \u00e7\u0131kacak olan sar\u0131-lacivertliler i\u00e7in milyonlarca taraftar canl\u0131 yay\u0131n bilgilerini ara\u015ft\u0131r\u0131yor. &#8220;Fenerbah\u00e7e ma\u00e7\u0131 \u015fifresiz mi?&#8221;, &#8220;Feyenoord &#8211; Fenerbah\u00e7e nereden izlenir?&#8221;, &#8220;\u015eifresiz yay\u0131n var m\u0131?&#8221; \u00fczere aramalar g\u00fcndemde. Ma\u00e7\u0131n yay\u0131n haklar\u0131n\u0131 elinde bulunduran iki farkl\u0131 platform \u00fczerinden izlenebilece\u011fi a\u00e7\u0131kland\u0131. \u0130\u015fte detaylar\u2026<\/p>\n","protected":false},"author":1,"featured_media":45502,"comment_status":"open","ping_status":"open","sticky":false,"template":"","format":"standard","meta":{"footnotes":""},"categories":[10],"tags":[115,3437,1293,50,561],"class_list":["post-45501","post","type-post","status-publish","format-standard","has-post-thumbnail","hentry","category-basketbol","tag-fenerbahce","tag-feyenoord-fenerbahce-maci","tag-kadro","tag-mac","tag-yayin"],"_links":{"self":[{"href":"https:\/\/haberbesiktas.tr\/index.php?rest_route=\/wp\/v2\/posts\/45501","targetHints":{"allow":["GET"]}}],"collection":[{"href":"https:\/\/haberbesiktas.tr\/index.php?rest_route=\/wp\/v2\/posts"}],"about":[{"href":"https:\/\/haberbesiktas.tr\/index.php?rest_route=\/wp\/v2\/types\/post"}],"author":[{"embeddable":true,"href":"https:\/\/haberbesiktas.tr\/index.php?rest_route=\/wp\/v2\/users\/1"}],"replies":[{"embeddable":true,"href":"https:\/\/haberbesiktas.tr\/index.php?rest_route=%2Fwp%2Fv2%2Fcomments&post=45501"}],"version-history":[{"count":1,"href":"https:\/\/haberbesiktas.tr\/index.php?rest_route=\/wp\/v2\/posts\/45501\/revisions"}],"predecessor-version":[{"id":45505,"href":"https:\/\/haberbesiktas.tr\/index.php?rest_route=\/wp\/v2\/posts\/45501\/revisions\/45505"}],"wp:featuredmedia":[{"embeddable":true,"href":"https:\/\/haberbesiktas.tr\/index.php?rest_route=\/wp\/v2\/media\/45502"}],"wp:attachment":[{"href":"https:\/\/haberbesiktas.tr\/index.php?rest_route=%2Fwp%2Fv2%2Fmedia&parent=45501"}],"wp:term":[{"taxonomy":"category","embeddable":true,"href":"https:\/\/haberbesiktas.tr\/index.php?rest_route=%2Fwp%2Fv2%2Fcategories&post=45501"},{"taxonomy":"post_tag","embeddable":true,"href":"https:\/\/haberbesiktas.tr\/index.php?rest_route=%2Fwp%2Fv2%2Ftags&post=45501"}],"curies":[{"name":"wp","href":"https:\/\/api.w.org\/{rel}","templated":true}]}}