{"id":4558,"date":"2025-01-18T23:12:01","date_gmt":"2025-01-18T23:12:01","guid":{"rendered":"https:\/\/haberbesiktas.tr\/?p=4558"},"modified":"2025-01-18T23:12:01","modified_gmt":"2025-01-18T23:12:01","slug":"ismail-jakobs-atmosfer-cok-iyi","status":"publish","type":"post","link":"https:\/\/haberbesiktas.tr\/?p=4558","title":{"rendered":"Ismail Jakobs: &#8220;Atmosfer \u00e7ok iyi&#8221;"},"content":{"rendered":"<div>Galatasaray&#8217;\u0131n ba\u015far\u0131l\u0131 sol beki Ismail Jakobs, Ba\u015fak\u015fehir&#8217;i yendikleri ma\u00e7\u0131n akabinde a\u00e7\u0131klamalar yapt\u0131.<\/p>\n<p> Ismail Jakobs yapt\u0131\u011f\u0131 a\u00e7\u0131klamada, &#8220;Havadan \u00f6t\u00fcr\u00fc s\u0131k\u0131nt\u0131 bir ma\u00e7 oldu ancak 3 puan\u0131 ald\u0131\u011f\u0131m\u0131z i\u00e7in memnunuz. Galip oldu\u011fumuz vakit atmosfer \u00e7ok \u00e2l\u00e2 gidiyor.&#8221; dedi.<\/p>\n<p> Senegalli oyuncu ayr\u0131yeten, &#8220;\u015eimdiye kadar her \u015fey \u00e7ok yeterli gitti. Birlikte \u00e7al\u0131\u015ft\u0131\u011f\u0131m\u0131z be\u015ferler da m\u00fckemmeller. Bu formda devam etmesini isteriz.&#8221; diye konu\u015ftu.<\/p>\n<\/div>\n","protected":false},"excerpt":{"rendered":"<p>Galatasaray&#8217;\u0131n ba\u015far\u0131l\u0131 sol beki Ismail Jakobs, Ba\u015fak\u015fehir&#8217;i yendikleri ma\u00e7\u0131n akabinde a\u00e7\u0131klamalarda bulundu.<\/p>\n","protected":false},"author":1,"featured_media":4559,"comment_status":"open","ping_status":"open","sticky":false,"template":"","format":"standard","meta":{"footnotes":""},"categories":[25],"tags":[],"class_list":["post-4558","post","type-post","status-publish","format-standard","has-post-thumbnail","hentry","category-futbol"],"_links":{"self":[{"href":"https:\/\/haberbesiktas.tr\/index.php?rest_route=\/wp\/v2\/posts\/4558","targetHints":{"allow":["GET"]}}],"collection":[{"href":"https:\/\/haberbesiktas.tr\/index.php?rest_route=\/wp\/v2\/posts"}],"about":[{"href":"https:\/\/haberbesiktas.tr\/index.php?rest_route=\/wp\/v2\/types\/post"}],"author":[{"embeddable":true,"href":"https:\/\/haberbesiktas.tr\/index.php?rest_route=\/wp\/v2\/users\/1"}],"replies":[{"embeddable":true,"href":"https:\/\/haberbesiktas.tr\/index.php?rest_route=%2Fwp%2Fv2%2Fcomments&post=4558"}],"version-history":[{"count":1,"href":"https:\/\/haberbesiktas.tr\/index.php?rest_route=\/wp\/v2\/posts\/4558\/revisions"}],"predecessor-version":[{"id":4560,"href":"https:\/\/haberbesiktas.tr\/index.php?rest_route=\/wp\/v2\/posts\/4558\/revisions\/4560"}],"wp:featuredmedia":[{"embeddable":true,"href":"https:\/\/haberbesiktas.tr\/index.php?rest_route=\/wp\/v2\/media\/4559"}],"wp:attachment":[{"href":"https:\/\/haberbesiktas.tr\/index.php?rest_route=%2Fwp%2Fv2%2Fmedia&parent=4558"}],"wp:term":[{"taxonomy":"category","embeddable":true,"href":"https:\/\/haberbesiktas.tr\/index.php?rest_route=%2Fwp%2Fv2%2Fcategories&post=4558"},{"taxonomy":"post_tag","embeddable":true,"href":"https:\/\/haberbesiktas.tr\/index.php?rest_route=%2Fwp%2Fv2%2Ftags&post=4558"}],"curies":[{"name":"wp","href":"https:\/\/api.w.org\/{rel}","templated":true}]}}