{"id":45609,"date":"2025-08-08T23:09:01","date_gmt":"2025-08-08T23:09:01","guid":{"rendered":"https:\/\/haberbesiktas.tr\/?p=45609"},"modified":"2025-08-08T23:09:01","modified_gmt":"2025-08-08T23:09:01","slug":"gaziantep-fk-galatasaray-macinda-osimhen-oynayacak-mi-neden-yok","status":"publish","type":"post","link":"https:\/\/haberbesiktas.tr\/?p=45609","title":{"rendered":"Gaziantep FK &#8211; Galatasaray ma\u00e7\u0131nda Osimhen oynayacak m\u0131, neden yok?"},"content":{"rendered":"<div><span>Galatasaray&#8217;dan yap\u0131lan a\u00e7\u0131klamaya nazaran, Victor Osimhen Gaziantep deplasman\u0131n\u0131n kamp tak\u0131m\u0131na dahil edilmedi. Nijeryal\u0131 forvetin fizik\u00ee olarak tam haz\u0131r olmad\u0131\u011f\u0131 ve teknik y\u00f6netici Okan Buruk&#8217;un oyuncuyu riske etmek istemedi\u011fi \u00f6\u011frenildi.<\/span><\/p>\n<p><span>B\u00f6ylece yeni transfer, sar\u0131-k\u0131rm\u0131z\u0131l\u0131 formayla birinci resmi ma\u00e7\u0131na ilerleyen haftalarda \u00e7\u0131kacak. Gaziantep FK &#8211; Galatasaray u\u011fra\u015f\u0131, 8 A\u011fustos 2025 Cuma g\u00fcn\u00fc saat 21.30&#8217;da, beIN SPORTS 1 kanal\u0131ndan \u015fifreli olarak canl\u0131 yay\u0131nlanacak.<\/p>\n<p><strong>GAZ\u0130ANTEP FK &#8211; GALATASARAY MA\u00c7I NE VAK\u0130T, SAAT KA\u00c7TA, HANG\u0130 KANALDA?<br \/><\/strong><br \/>\ud83d\udcc5 Tarih: 8 A\u011fustos 2025, Cuma<\/p>\n<p>\u23f0 Saat: 21.30<\/p>\n<p>\ud83c\udfdf Stadyum: Gaziantep B\u00fcy\u00fck\u015fehir Stadyumu<\/p>\n<p>\ud83d\udcfa Yay\u0131nc\u0131: beIN SPORTS 1 (Canl\u0131 \u2013 \u015eifreli)<\/p>\n<p>\ud83c\udf99 Hakem: Ali \u015eansalan<\/p>\n<p>\ud83c\udfa5 VAR: Sarper Bar\u0131\u015f Saka<\/p>\n<p>\ud83c\udfa5 AVAR: Canda\u015f Elbil<\/p>\n<p>Ma\u00e7, beIN SPORTS 1 kanal\u0131ndan \u015fifreli olarak canl\u0131 yay\u0131nlanacak. Yay\u0131n\u0131 izleyebilmek i\u00e7in beIN CONNECT \u00fcyeli\u011fi yahut beIN SPORTS paketine sahip olman\u0131z gerekiyor.<\/p>\n<p><strong>GAZ\u0130ANTEP FK &#8211; GALATASARAY MA\u00c7I NEREDEN, NASIL \u0130ZLEN\u0130R?<\/strong><\/p>\n<p>Trendyol S\u00fcper Lig 2025-2026 d\u00f6neminin a\u00e7\u0131l\u0131\u015f haftas\u0131nda Gaziantep FK, alan\u0131nda Galatasaray&#8217;\u0131 a\u011f\u0131rl\u0131yor. 8 A\u011fustos Cuma g\u00fcn\u00fc saat 21.30&#8217;da ba\u015flayacak \u00e7aba, Gaziantep B\u00fcy\u00fck\u015fehir Stadyumu&#8217;nda oynanacak.<\/p>\n<p>Kar\u015f\u0131la\u015fma, beIN SPORTS 1 kanal\u0131ndan \u015fifreli olarak canl\u0131 yay\u0131nlanacak. Ma\u00e7\u0131 izlemek isteyen futbolseverler, beIN CONNECT \u00fczerinden internet arac\u0131l\u0131\u011f\u0131yla ya da beIN SPORTS paketleriyle uydu\/kablo TV \u00fczerinden eri\u015fim sa\u011flayabilir.<\/p>\n<p><strong>GAZ\u0130ANTEP FK &#8211; GALATASARAY MA\u00c7I OLASI 11&#8217;LER<br \/><\/strong><br \/>Gaziantep FK: Burak \u2013 Mbakata, Semih, Arda, Rodrigues \u2013 Og\u00fcn, N&#8217;Diaye, Sorescu \u2013 Kozlowski, Maxim \u2013 Boateng<\/p>\n<p>Galatasaray: G\u00fcnay \u2013 Sallai, Sanchez, Abd\u00fclkerim, Eren \u2013 Lemina, Torreira \u2013 Yunus, Gabriel Sara, Leroy Sane \u2013 Bar\u0131\u015f Alper Y\u0131lmaz<\/p>\n<p><img decoding=\"async\" src=\"https:\/\/haberbesiktas.tr\/wp-content\/uploads\/2025\/08\/gaziantep-fk-galatasaray-macinda-osimhen-oynayacak-mi-neden-yok-0-GM1uP78N.jpg\"\/><\/p>\n<p><strong>MA\u00c7 \u00d6NCES\u0130 NOTLAR<br \/><\/strong><br \/>Leroy Sane birinci resmi ma\u00e7\u0131na \u00e7\u0131kacak. Bayern M\u00fcnih&#8217;ten transfer edilen Alman y\u0131ld\u0131z, Okan Buruk&#8217;un vazife vermesi halinde birinci kere resmi bir ma\u00e7ta Galatasaray formas\u0131 giyecek.<\/p>\n<p>Nelsson ve Cuesta tak\u0131mda yok. Lisanslar\u0131 \u00e7\u0131kar\u0131lmayan iki stoper bu u\u011fra\u015fta forma giyemeyecek.<\/p>\n<p>Galatasaray haz\u0131rl\u0131k ma\u00e7lar\u0131nda yenilmedi. 5 haz\u0131rl\u0131k ma\u00e7\u0131nda 4 galibiyet ve 1 beraberlik ald\u0131.<\/p>\n<p>\u0130ki kadro ortas\u0131nda 13. randevu. Galatasaray, oynanan 12 ma\u00e7ta 10 galibiyet, 1 beraberlik ve 1 ma\u011flubiyet ald\u0131.<br \/><\/span><\/div>\n<div>Haber ile daha fazlas\u0131na ula\u015f\u0131n:<\/div>\n<div>G\u00fcndem<\/div>\n","protected":false},"excerpt":{"rendered":"<p>Trendyol S\u00fcper Lig 2025-2026 d\u00f6neminin birinci haftas\u0131nda Gaziantep FK, alan\u0131nda Galatasaray&#8217;\u0131 a\u011f\u0131rlayacak. Futbolseverler, sar\u0131-k\u0131rm\u0131z\u0131l\u0131 tak\u0131m\u0131n y\u0131ld\u0131z golc\u00fcs\u00fc Victor Osimhen&#8217;in bu m\u00fcsabakada forma giyip giymeyece\u011fini merak ediyor. Pekala, Gaziantep FK &#8211; Galatasaray ma\u00e7\u0131nda Osimhen oynayacak m\u0131, neden yok?<\/p>\n","protected":false},"author":1,"featured_media":45610,"comment_status":"open","ping_status":"open","sticky":false,"template":"","format":"standard","meta":{"footnotes":""},"categories":[10],"tags":[3443,129,76,50],"class_list":["post-45609","post","type-post","status-publish","format-standard","has-post-thumbnail","hentry","category-basketbol","tag-bein-sports","tag-galatasaray","tag-gaziantep-fk","tag-mac"],"_links":{"self":[{"href":"https:\/\/haberbesiktas.tr\/index.php?rest_route=\/wp\/v2\/posts\/45609","targetHints":{"allow":["GET"]}}],"collection":[{"href":"https:\/\/haberbesiktas.tr\/index.php?rest_route=\/wp\/v2\/posts"}],"about":[{"href":"https:\/\/haberbesiktas.tr\/index.php?rest_route=\/wp\/v2\/types\/post"}],"author":[{"embeddable":true,"href":"https:\/\/haberbesiktas.tr\/index.php?rest_route=\/wp\/v2\/users\/1"}],"replies":[{"embeddable":true,"href":"https:\/\/haberbesiktas.tr\/index.php?rest_route=%2Fwp%2Fv2%2Fcomments&post=45609"}],"version-history":[{"count":1,"href":"https:\/\/haberbesiktas.tr\/index.php?rest_route=\/wp\/v2\/posts\/45609\/revisions"}],"predecessor-version":[{"id":45612,"href":"https:\/\/haberbesiktas.tr\/index.php?rest_route=\/wp\/v2\/posts\/45609\/revisions\/45612"}],"wp:featuredmedia":[{"embeddable":true,"href":"https:\/\/haberbesiktas.tr\/index.php?rest_route=\/wp\/v2\/media\/45610"}],"wp:attachment":[{"href":"https:\/\/haberbesiktas.tr\/index.php?rest_route=%2Fwp%2Fv2%2Fmedia&parent=45609"}],"wp:term":[{"taxonomy":"category","embeddable":true,"href":"https:\/\/haberbesiktas.tr\/index.php?rest_route=%2Fwp%2Fv2%2Fcategories&post=45609"},{"taxonomy":"post_tag","embeddable":true,"href":"https:\/\/haberbesiktas.tr\/index.php?rest_route=%2Fwp%2Fv2%2Ftags&post=45609"}],"curies":[{"name":"wp","href":"https:\/\/api.w.org\/{rel}","templated":true}]}}