{"id":45613,"date":"2025-08-08T23:21:01","date_gmt":"2025-08-08T23:21:01","guid":{"rendered":"https:\/\/haberbesiktas.tr\/?p=45613"},"modified":"2025-08-08T23:21:01","modified_gmt":"2025-08-08T23:21:01","slug":"gaziantep-fk-galatasaray-sifresiz-gs-maci-canli-izle-hd","status":"publish","type":"post","link":"https:\/\/haberbesiktas.tr\/?p=45613","title":{"rendered":"Gaziantep FK Galatasaray \u015fifresiz, GS ma\u00e7\u0131 canl\u0131 izle HD"},"content":{"rendered":"<div>Gaziantep FK Galatasaray ma\u00e7\u0131 izle! Trendyol \u00dcst\u00fcn Lig&#8217;in 1. haftas\u0131nda Gaziantep FK ile Galatasaray, Gaziantep Kent Stad\u0131&#8217;nda kar\u015f\u0131 kar\u015f\u0131ya geliyor. Bu ma\u00e7\u0131 reklams\u0131z, kesintisiz, HD kalitesinde izlemek i\u00e7in bu linke t\u0131klayarak Digit\u00fcrk&#8217;e abone olmal\u0131s\u0131n\u0131z. S\u00fcper Lig ma\u00e7lar\u0131n\u0131n tek adresi yaln\u0131zca Digit\u00fcrk&#8217;t\u00fcr ve bu link \u00fczerinden \u00fcye olarak ma\u00e7lar\u0131 canl\u0131 olarak seyredebilirsiniz. \u0130\u015fte ma\u00e7tan son dakika geli\u015fmeleri&#8230;<br \/> <span><span><strong>GAZ\u0130ANTEP FK GALATASARAY MA\u00c7I CANLI, TIKLA<\/strong><\/span><\/span><\/p>\n<p><span><span><img decoding=\"async\" src=\"https:\/\/haberbesiktas.tr\/wp-content\/uploads\/2025\/08\/gaziantep-fk-galatasaray-sifresiz-gs-maci-canli-izle-hd-0-XhQB9acc.jpg\"\/><\/span><\/span><\/p>\n<p> <strong>GAZ\u0130ANTEP FK GALATASARAY MA\u00c7I HANG\u0130 RADYODA?<\/strong><\/p>\n<p> Gaziantep FK ile Galatasaray ortas\u0131ndaki zorlu S\u00fcper Lig u\u011fra\u015f\u0131 TRT Radyo 1&#8217;den canl\u0131 olarak dinlenilebilmektedir.<\/p>\n<p> TRT Radyo 1&#8217;in b\u00fcy\u00fck vilayetlerdeki frekanslar\u0131 \u015fu bi\u00e7imdedir: 95.6 \u0130stanbul; 93.3 Ankara; 94.7 \u0130zmir; 87.9 Bursa; 105.1 Adana . T\u00fcm frekanslara buraya t\u0131klayarak ula\u015fabilirsiniz.<\/p>\n<p> <strong>TIKLA, GAZ\u0130ANTEP GALATASARAY MA\u00c7INI CANLI D\u0130NLE<\/strong><\/p>\n<p> <strong>GAZ\u0130ANTEP FK GALATASARAY BEIN SPORTS HABER \u0130ZLE<\/strong><\/p>\n<p> Son \u015fampiyon Galatasaray, Trendyol \u00dcst\u00fcn Lig&#8217;in birinci haftas\u0131nda Gaziantep FK&#8217;ye konuk olacak.<\/p>\n<p> <span><span><strong>TUTTUR&#8217;DA 100 TL ARMA\u011eAN \u0130LE OYNA!<\/strong><\/span><\/span><\/p>\n<p> <span><span><strong><img decoding=\"async\" src=\"https:\/\/haberbesiktas.tr\/wp-content\/uploads\/2025\/08\/gaziantep-fk-galatasaray-sifresiz-gs-maci-canli-izle-hd-1-YctvqtUx.jpg\"\/><\/strong><\/span><\/span><\/p>\n<p> Gaziantep Stad\u0131&#8217;nda yap\u0131lacak ma\u00e7, saat 21.30&#8217;da ba\u015flayacak. M\u00fcsabakada hakem <strong>Ali \u015eansalan<\/strong> d\u00fcd\u00fck \u00e7alacak. U\u011fra\u015f\u0131n VAR koltu\u011funda <strong>Sarper Bar\u0131\u015f Saka<\/strong> oturacak. AVAR&#8217;da ise Canda\u015f Elbil vazife alacak.<\/p>\n<p> S\u00fcper Lig&#8217;de \u00fcst \u00fcste 3, toplamda 25. \u015fampiyonlu\u011funu kazanan sar\u0131-k\u0131rm\u0131z\u0131l\u0131 tak\u0131m, yeni d\u00f6nemdeki birinci resmi ma\u00e7\u0131n\u0131 Gaziantep temsilcisi ile yapacak. Galatasaray, yeni d\u00f6nemde da memnun sona ula\u015farak \u015fampiyonluk serisini s\u00fcrd\u00fcrmeye \u00e7al\u0131\u015facak.<\/p>\n<p> Ge\u00e7en d\u00f6nemi 14. tamamlayan Gaziantep FK ise d\u00f6neme yeni teknik y\u00f6neticisi \u0130smet Ta\u015fdemir idaresinde girecek. G\u00fcneydo\u011fu Anadolu temsilcisi, son \u015fampiyon kar\u015f\u0131s\u0131nda kazanarak d\u00f6neme moralli girmek i\u00e7in \u00e7aba edecek.<\/p>\n<p> <strong>MUHTEMEL 11&#8217;LER<\/strong><\/p>\n<p> <strong>Gaziantep FK:<\/strong> Burak, Mbakata, Semih, Arda, Rodrigues, Og\u00fcn, N&#8217;Diaye, Sorescu, Kozlowski, Maxim, Boateng.<\/p>\n<p> <strong>Galatasaray:<\/strong> G\u00fcnay, Sallai, Sanchez, Abd\u00fclkerim, Eren, Lemina, Torreira, Yunus, Gabriel Sara, Leroy Sane, Bar\u0131\u015f Alper Y\u0131lmaz.<\/p>\n<p><img decoding=\"async\" src=\"https:\/\/haberbesiktas.tr\/wp-content\/uploads\/2025\/08\/gaziantep-fk-galatasaray-sifresiz-gs-maci-canli-izle-hd-2-fdYeRB9J.jpg\"\/><\/p>\n<p> <strong>Sane birinci resmi ma\u00e7\u0131na \u00e7\u0131kacak<\/strong><\/p>\n<p> Galatasaray&#8217;\u0131n yeni transferi Leroy Sane, teknik y\u00f6netici Okan Buruk&#8217;un vazife vermesi durumunda birinci sefer bir resmi ma\u00e7ta sar\u0131-k\u0131rm\u0131z\u0131l\u0131 formay\u0131 terletecek.<\/p>\n<p> Ge\u00e7en d\u00f6nem Bayern M\u00fcnih formas\u0131yla Bundesliga&#8217;da 11 sefer fileleri havaland\u0131rarak mesle\u011finin en golc\u00fc d\u00f6nemini ge\u00e7iren Sane, Gaziantep FK kar\u015f\u0131la\u015fmas\u0131yla birinci resmi ma\u00e7 heyecan\u0131n\u0131 ya\u015fayacak.<\/p>\n<blockquote class=\"twitter-tweet\" data-width=\"500\" data-dnt=\"true\">\n<p lang=\"tr\" dir=\"ltr\">\ud83c\uddf9\ud83c\uddf7 S\u00fcper Lig&#39;de 2025-2026 sezonu ba\u015fl\u0131yor!<\/p>\n<p>Gaziantep FK \ud83c\udd9a Galatasaray<\/p>\n<p>\u23f0 21.30\ud83d\udcfa beIN SPORTS 1<br \/>\ud83d\udce3 Ali \u015eansalan<br \/>\ud83c\udfdf Gaziantep B\u00fcy\u00fck\u015fehir Stadyumu <a href=\"https:\/\/t.co\/rTByU9bXtJ\" rel=\"nofollow\">pic.twitter.com\/rTByU9bXtJ<\/a><\/p>\n<p>&mdash; Sporx (@sporx) <a href=\"https:\/\/twitter.com\/sporx\/status\/1953698813941624932?ref_src=twsrc%5Etfw\" rel=\"nofollow noopener\" target=\"_blank\">August 8, 2025<\/a><\/p><\/blockquote>\n<p><script async src=\"https:\/\/platform.twitter.com\/widgets.js\" charset=\"utf-8\"><\/script><\/p>\n<p>  <strong>Nelsson ve Cuesta&#8217;n\u0131n lisanslar\u0131 \u00e7\u0131kar\u0131lmad\u0131<\/strong><\/p>\n<p> Bu kar\u015f\u0131la\u015fmada stoperler Victor Nelsson ile Carlos Cuesta forma giyemeyecek.<\/p>\n<p> Galatasaray Kul\u00fcb\u00fc, ekipten ayr\u0131lmas\u0131 g\u00fcndemde olan Danimarkal\u0131 Nelsson ile Kolombiyal\u0131 Cuesta&#8217;n\u0131n lisanslar\u0131n\u0131 \u00e7\u0131karmad\u0131.<\/p>\n<blockquote class=\"twitter-tweet\" data-width=\"500\" data-dnt=\"true\">\n<p lang=\"tr\" dir=\"ltr\">S\u00fcper Lig&#39;de hangi tak\u0131m s\u00fcrpriz yapar?\ud83e\udd14 <a href=\"https:\/\/t.co\/x2XOmzDLIs\" rel=\"nofollow\">pic.twitter.com\/x2XOmzDLIs<\/a><\/p>\n<p>&mdash; Sporx (@sporx) <a href=\"https:\/\/twitter.com\/sporx\/status\/1953701082003050575?ref_src=twsrc%5Etfw\" rel=\"nofollow noopener\" target=\"_blank\">August 8, 2025<\/a><\/p><\/blockquote>\n<p><script async src=\"https:\/\/platform.twitter.com\/widgets.js\" charset=\"utf-8\"><\/script><\/p>\n<p>  <strong>Haz\u0131rl\u0131k ma\u00e7lar\u0131nda kaybetmedi<\/strong><\/p>\n<p> Galatasaray, yeni d\u00f6nem \u00f6ncesi yapt\u0131\u011f\u0131 5 haz\u0131rl\u0131k ma\u00e7\u0131nda da ma\u011flup olmad\u0131.<\/p>\n<p> Birinci haz\u0131rl\u0131k kar\u015f\u0131la\u015fmas\u0131na \u0130stanbul&#8217;da Trendyol 1. Lig temsilcisi \u00dcmraniyespor&#8217;u yenen &#8220;Cimbom&#8221;, sonras\u0131nda Avusturya&#8217;daki kampta Avusturya 2. Lig tak\u0131m\u0131 Admira Wacker ve \u0130talya 1. Futbol Ligi (Serie A) gruplar\u0131ndan Cagliari ile u\u011fra\u015f etti. Galatasaray, kelam konusu ma\u00e7lar\u0131 2-1 ve 3-1&#8217;lik skorlarla galip tamamlad\u0131.<\/p>\n<p> Haz\u0131rl\u0131klar\u0131na \u0130stanbul&#8217;da devam eden sar\u0131-k\u0131rm\u0131z\u0131l\u0131 grup, RAMS Park&#8217;ta Fransa tak\u0131m\u0131 Strasbourg&#8217;u 3-1 ma\u011flup ettikten sonra Serie A&#8217;dan Lazio ile 2-2 berabere kald\u0131.<\/p>\n<p> <strong>Galatasaray&#8217;\u0131n kamp kadrosu<\/strong><\/p>\n<p> Trendyol Harika Lig&#8217;in birinci haftas\u0131nda Gaziantep FK&#8217;ye konuk olacak Galatasaray&#8217;\u0131n kamp tak\u0131m\u0131 muhakkak oldu.<\/p>\n<p> Sar\u0131-k\u0131rm\u0131z\u0131l\u0131 kul\u00fcpten yap\u0131lan a\u00e7\u0131klamaya nazaran, Victor Osimhen, Mauro Icardi, Alvaro Morata ve Derrick K\u00f6hn, tak\u0131ma dahil edilmedi.<\/p>\n<p> Galatasaray&#8217;\u0131n Gaziantep FK ma\u00e7\u0131 kamp tak\u0131m\u0131nda yer alan oyuncular \u015fu bi\u00e7imde:<\/p>\n<p> Metehan Baltac\u0131, Ismail Jakobs, Davinson Sanchez, Roland Sallai, Gabriel Sara, Leroy Sane, Yunus Akg\u00fcn, Eren Elmal\u0131, Berkan Kutlu, G\u00fcnay G\u00fcven\u00e7, Ahmed Kutucu, Nicolo Zaniolo, Kaan Ayhan, Elias Jelert, Yusuf Demir, Lucas Torreira, Abd\u00fclkerim Bardakc\u0131, Jankat Y\u0131lmaz, Bar\u0131\u015f Alper Y\u0131lmaz, Arda \u00dcnyay, Mario Lemina.<\/p>\n<p> <strong>\u0130ki grup ortas\u0131nda 13. ma\u00e7<\/strong><\/p>\n<p> Galatasaray ile Gaziantep FK, S\u00fcper Lig&#8217;de 13. defa kar\u015f\u0131 kar\u015f\u0131ya gelecek.<\/p>\n<p> Sar\u0131-k\u0131rm\u0131z\u0131l\u0131 tak\u0131m, Gaziantep temsilcisiyle daha evvel yapt\u0131\u011f\u0131 12 ma\u00e7ta biri h\u00fckmen olmak \u00fczere 10 galibiyet ald\u0131.<\/p>\n<p> \u0130ki ekip ortas\u0131ndaki 1 ma\u00e7, beraberlikle sonu\u00e7lan\u0131rken 1 kar\u015f\u0131la\u015fmay\u0131 da Gaziantep FK kazand\u0131. Kelam konusu u\u011fra\u015flarda 27 gol atan sar\u0131-k\u0131rm\u0131z\u0131l\u0131 grup, kalesinde 11 gol g\u00f6rd\u00fc.<\/p>\n<p> <strong>Gaziantep&#8217;teki ma\u00e7larda da \u00fcst\u00fcn<\/strong><\/p>\n<p> Galatasaray, rakibiyle deplasmanda yapt\u0131\u011f\u0131 ma\u00e7larda da Gaziantep FK&#8217;ye \u00fcst\u00fcnl\u00fck kurdu.<\/p>\n<p> Gaziantep&#8217;te 6 S\u00fcper Lig ma\u00e7\u0131na \u00e7\u0131kan sar\u0131-k\u0131rm\u0131z\u0131l\u0131 grup, biri h\u00fckmen 5 galibiyet, 1 yenilgi ya\u015fad\u0131.<\/p>\n<p> Sar\u0131-k\u0131rm\u0131z\u0131l\u0131lar, kelam konusu \u00e7abalarda 3&#8217;\u00fc h\u00fckmen galibiyetten olmak \u00fczere 12 gol atarken kalesinde 4 gole p\u00fcr\u00fcz olamad\u0131.<strong><br \/><\/strong><\/p>\n<\/div>\n<div>Haber ile daha fazlas\u0131na ula\u015f\u0131n:<\/div>\n<div>G\u00fcndem<\/div>\n<div><b>Kaynak:<\/b> Sporx.com<\/div>\n","protected":false},"excerpt":{"rendered":"<p>Gaziantep FK Galatasaray ma\u00e7\u0131 \u00fccretsiz bein sports yay\u0131n\u0131 linki | Gaziantep FK &#8211; Galatasaray ma\u00e7\u0131n\u0131 Sel\u00e7uk Sports, Taraftarium24, Justin tv, Facebook, Twitter, Yandex, Kralbozguncu&#8217;dan izlemek yasad\u0131\u015f\u0131d\u0131r. \u015eifresiz olarak bein Sports&#8217;tan canl\u0131 izlenebilecek olan Gaziantep FK &#8211; Galatasaray ma\u00e7\u0131n\u0131n tak\u0131m\u0131 ve birinci 11&#8217;leri belirli oldu. Pekala, Gaziantep FK &#8211; Galatasaray ma\u00e7\u0131 ne vakit, saat ka\u00e7ta, hangi kanalda? \u0130\u015fte Gaziantep FK &#8211; Galatasaray ma\u00e7\u0131 canl\u0131 izleme ayr\u0131nt\u0131lar\u0131<\/p>\n","protected":false},"author":1,"featured_media":45614,"comment_status":"open","ping_status":"open","sticky":false,"template":"","format":"standard","meta":{"footnotes":""},"categories":[10],"tags":[129,76,50,508,57],"class_list":["post-45613","post","type-post","status-publish","format-standard","has-post-thumbnail","hentry","category-basketbol","tag-galatasaray","tag-gaziantep-fk","tag-mac","tag-sari-kirmizili","tag-sezon"],"_links":{"self":[{"href":"https:\/\/haberbesiktas.tr\/index.php?rest_route=\/wp\/v2\/posts\/45613","targetHints":{"allow":["GET"]}}],"collection":[{"href":"https:\/\/haberbesiktas.tr\/index.php?rest_route=\/wp\/v2\/posts"}],"about":[{"href":"https:\/\/haberbesiktas.tr\/index.php?rest_route=\/wp\/v2\/types\/post"}],"author":[{"embeddable":true,"href":"https:\/\/haberbesiktas.tr\/index.php?rest_route=\/wp\/v2\/users\/1"}],"replies":[{"embeddable":true,"href":"https:\/\/haberbesiktas.tr\/index.php?rest_route=%2Fwp%2Fv2%2Fcomments&post=45613"}],"version-history":[{"count":1,"href":"https:\/\/haberbesiktas.tr\/index.php?rest_route=\/wp\/v2\/posts\/45613\/revisions"}],"predecessor-version":[{"id":45618,"href":"https:\/\/haberbesiktas.tr\/index.php?rest_route=\/wp\/v2\/posts\/45613\/revisions\/45618"}],"wp:featuredmedia":[{"embeddable":true,"href":"https:\/\/haberbesiktas.tr\/index.php?rest_route=\/wp\/v2\/media\/45614"}],"wp:attachment":[{"href":"https:\/\/haberbesiktas.tr\/index.php?rest_route=%2Fwp%2Fv2%2Fmedia&parent=45613"}],"wp:term":[{"taxonomy":"category","embeddable":true,"href":"https:\/\/haberbesiktas.tr\/index.php?rest_route=%2Fwp%2Fv2%2Fcategories&post=45613"},{"taxonomy":"post_tag","embeddable":true,"href":"https:\/\/haberbesiktas.tr\/index.php?rest_route=%2Fwp%2Fv2%2Ftags&post=45613"}],"curies":[{"name":"wp","href":"https:\/\/api.w.org\/{rel}","templated":true}]}}