{"id":4564,"date":"2025-01-18T23:35:59","date_gmt":"2025-01-18T23:35:59","guid":{"rendered":"https:\/\/haberbesiktas.tr\/?p=4564"},"modified":"2025-01-18T23:35:59","modified_gmt":"2025-01-18T23:35:59","slug":"kemal-ozdes-son-dakika-maglubiyetten-dolayi-uzgunum","status":"publish","type":"post","link":"https:\/\/haberbesiktas.tr\/?p=4564","title":{"rendered":"Kemal \u00d6zde\u015f: &#8220;Son dakika ma\u011flubiyetten dolay\u0131 \u00fczg\u00fcn\u00fcm&#8221;"},"content":{"rendered":"<div>MKE Ankarag\u00fcc\u00fc Teknik Y\u00f6neticisi Kemal \u00d6zde\u015f de son dakika gol\u00fcyle kaybetmenin \u00fcz\u00fcc\u00fc oldu\u011funu belirtti.<\/p>\n<p> M\u00fcsabakan\u0131n birinci ve ikinci yar\u0131s\u0131nda farkl\u0131 oyunlar\u0131n sergilendi\u011fini anlatan \u00d6zde\u015f, <strong>&#8220;Sahan\u0131n i\u00e7erisinde \u00e7ok \u00f6nemli bir \u00e7aba vard\u0131. Her iki grup oyuncular\u0131 da kazanmak i\u00e7in hem savunma hem atak yapmak zorunda kald\u0131lar. Oyun \u00e7abucak hemen hi\u00e7 \u00e7irkinle\u015fmedi sahan\u0131n i\u00e7inde. Her iki ekip oyuncular\u0131m\u0131z\u0131 da kutluyorum.&#8221;<\/strong> s\u00f6zlerini kulland\u0131.<\/p>\n<p> <em><strong>Amed Sportif Faaliyetler ekibinin birinci yar\u0131 a\u011f\u0131r bir bask\u0131 kurdu\u011funu ve yakla\u015f\u0131k 20 dakika boyunca kendi kalelerinin \u00f6n\u00fcnde savunma yapmak zorunda kald\u0131klar\u0131n\u0131 kaydeden \u00d6zde\u015f, \u015fu de\u011ferlendirmede bulundu:<\/strong><\/em><\/p>\n<p> &#8220;Kazand\u0131\u011f\u0131m\u0131z toplarla onlar\u0131n bo\u015fluklar\u0131n\u0131 de\u011ferlendirecekken bunu yapamad\u0131k ve bask\u0131y\u0131 yemeye devam ettik. Biz de 25. dakikadan sonra biraz rakip kaleye gitmeye ba\u015flad\u0131k. Duran toplarla tesirli olmaya \u00e7al\u0131\u015ft\u0131k lakin \u00e7ok fazla \u00fcretken olamad\u0131k. Oyunun ikinci yar\u0131s\u0131nda rakibimizin birinci yar\u0131daki g\u00fcc\u00fc yorgunlu\u011fa d\u00f6n\u00fc\u015ft\u00fc. Biz daha \u00e7ok topa sahip olmaya \u00e7al\u0131\u015ft\u0131k. Bu defa onlar\u0131 ba\u015fka yar\u0131 alanda tutmaya ba\u015flad\u0131k. Oyunun denetimini ele ge\u00e7irmi\u015fken oyun i\u00e7inde \u00e7ok net konumlar olmasa da bug\u00fcn ikinci yar\u0131 girilen durumlara bak\u0131ld\u0131\u011f\u0131nda gol\u00fc at\u0131p kazanabilirdik fakat son dakika gol\u00fcyle kaybettik. Bundan \u00f6t\u00fcr\u00fc h\u00fcz\u00fcnl\u00fcy\u00fcm.&#8221;<\/p>\n<\/div>\n","protected":false},"excerpt":{"rendered":"<p>MKE Ankarag\u00fcc\u00fc Teknik Y\u00f6neticisi Kemal \u00d6zde\u015f, Deplasmanda Amed SK&#8217;ye 1-0 ma\u011flup olduklar\u0131 ma\u00e7\u0131n akabinde a\u00e7\u0131klamalarda bulundu.<\/p>\n","protected":false},"author":1,"featured_media":4565,"comment_status":"open","ping_status":"open","sticky":false,"template":"","format":"standard","meta":{"footnotes":""},"categories":[25],"tags":[43],"class_list":["post-4564","post","type-post","status-publish","format-standard","has-post-thumbnail","hentry","category-futbol","tag-oyun"],"_links":{"self":[{"href":"https:\/\/haberbesiktas.tr\/index.php?rest_route=\/wp\/v2\/posts\/4564","targetHints":{"allow":["GET"]}}],"collection":[{"href":"https:\/\/haberbesiktas.tr\/index.php?rest_route=\/wp\/v2\/posts"}],"about":[{"href":"https:\/\/haberbesiktas.tr\/index.php?rest_route=\/wp\/v2\/types\/post"}],"author":[{"embeddable":true,"href":"https:\/\/haberbesiktas.tr\/index.php?rest_route=\/wp\/v2\/users\/1"}],"replies":[{"embeddable":true,"href":"https:\/\/haberbesiktas.tr\/index.php?rest_route=%2Fwp%2Fv2%2Fcomments&post=4564"}],"version-history":[{"count":1,"href":"https:\/\/haberbesiktas.tr\/index.php?rest_route=\/wp\/v2\/posts\/4564\/revisions"}],"predecessor-version":[{"id":4566,"href":"https:\/\/haberbesiktas.tr\/index.php?rest_route=\/wp\/v2\/posts\/4564\/revisions\/4566"}],"wp:featuredmedia":[{"embeddable":true,"href":"https:\/\/haberbesiktas.tr\/index.php?rest_route=\/wp\/v2\/media\/4565"}],"wp:attachment":[{"href":"https:\/\/haberbesiktas.tr\/index.php?rest_route=%2Fwp%2Fv2%2Fmedia&parent=4564"}],"wp:term":[{"taxonomy":"category","embeddable":true,"href":"https:\/\/haberbesiktas.tr\/index.php?rest_route=%2Fwp%2Fv2%2Fcategories&post=4564"},{"taxonomy":"post_tag","embeddable":true,"href":"https:\/\/haberbesiktas.tr\/index.php?rest_route=%2Fwp%2Fv2%2Ftags&post=4564"}],"curies":[{"name":"wp","href":"https:\/\/api.w.org\/{rel}","templated":true}]}}