{"id":4567,"date":"2025-01-18T23:47:59","date_gmt":"2025-01-18T23:47:59","guid":{"rendered":"https:\/\/haberbesiktas.tr\/?p=4567"},"modified":"2025-01-18T23:47:59","modified_gmt":"2025-01-18T23:47:59","slug":"cagdas-atandan-hakem-kararlari-icin-aciklama","status":"publish","type":"post","link":"https:\/\/haberbesiktas.tr\/?p=4567","title":{"rendered":"\u00c7a\u011fda\u015f Atan&#8217;dan hakem kararlar\u0131 i\u00e7in a\u00e7\u0131klama"},"content":{"rendered":"<div>Ba\u015fak\u015fehir Teknik Y\u00f6neticisi \u00c7a\u011fda\u015f Atan, Galatasaray m\u00fcsabakas\u0131n\u0131n akabinde hakem kararlar\u0131n\u0131 ele\u015ftirdi.<\/p>\n<p> Oynad\u0131klar\u0131 oyunla ilgili konu\u015fan \u00c7a\u011fda\u015f Atan &#8220;&#8221;Oyuncular\u0131mla gurur mu duymal\u0131y\u0131m, tak\u0131m\u0131mla ma\u00e7 plan\u0131 i\u00e7in gurur mu duymal\u0131y\u0131m? \u00c7ok his karma\u015fas\u0131 i\u00e7erisindeyim. Kusursuz oynad\u0131k. Be\u015f eksikle \u00e7ok yeterli oynad\u0131k. Maalesef kalite mi dersiniz&#8230; Ger\u00e7i Bar\u0131\u015f sol aya\u011f\u0131yla att\u0131, iki gol galiba sol aya\u011f\u0131yla. Art\u0131k daha da \u00fcz\u00fcld\u00fck. Galatasaray&#8217;a fakat bu t\u00fcrl\u00fc oynayabilirsiniz. Kaleci ile 4-2-5 oynamaya \u00e7al\u0131\u015ft\u0131k. Bunun yarar\u0131n\u0131 g\u00f6rd\u00fck, kusursuz oynad\u0131k. \u0130kinci yar\u0131 s\u00fcperdik. Ne yaz\u0131k ki kazanamad\u0131k. Galatasaray&#8217;\u0131 tebrik ederim.&#8221; dedi.<\/p>\n<p> <strong>HAKEM KARARLARI \u0130\u00c7\u0130N S\u00d6ZLER\u0130<\/strong><\/p>\n<p> Hakem kararlar\u0131n\u0131 ele\u015ftiren \u00c7a\u011fda\u015f Atan &#8220;<strong>Ma\u00e7 i\u00e7inde olan durumlar\u0131 g\u00f6rd\u00fcn\u00fcz. Golde el verilebilirdi. Torreira ve Sallai at\u0131labilirdi. \u00c7ok ince durumlarda, ayr\u0131nt\u0131larda ma\u00e7\u0131 kaybettik. Bunun gerisine s\u0131\u011f\u0131nmayaca\u011f\u0131z<\/strong>.&#8221; tabirlerini kulland\u0131.<\/p>\n<\/div>\n","protected":false},"excerpt":{"rendered":"<p>Ba\u015fak\u015fehir Teknik Y\u00f6neticisi \u00c7a\u011fda\u015f Atan, Galatasaray ma\u00e7\u0131 sonras\u0131 konu\u015ftu.<\/p>\n","protected":false},"author":1,"featured_media":4568,"comment_status":"open","ping_status":"open","sticky":false,"template":"","format":"standard","meta":{"footnotes":""},"categories":[25],"tags":[],"class_list":["post-4567","post","type-post","status-publish","format-standard","has-post-thumbnail","hentry","category-futbol"],"_links":{"self":[{"href":"https:\/\/haberbesiktas.tr\/index.php?rest_route=\/wp\/v2\/posts\/4567","targetHints":{"allow":["GET"]}}],"collection":[{"href":"https:\/\/haberbesiktas.tr\/index.php?rest_route=\/wp\/v2\/posts"}],"about":[{"href":"https:\/\/haberbesiktas.tr\/index.php?rest_route=\/wp\/v2\/types\/post"}],"author":[{"embeddable":true,"href":"https:\/\/haberbesiktas.tr\/index.php?rest_route=\/wp\/v2\/users\/1"}],"replies":[{"embeddable":true,"href":"https:\/\/haberbesiktas.tr\/index.php?rest_route=%2Fwp%2Fv2%2Fcomments&post=4567"}],"version-history":[{"count":1,"href":"https:\/\/haberbesiktas.tr\/index.php?rest_route=\/wp\/v2\/posts\/4567\/revisions"}],"predecessor-version":[{"id":4569,"href":"https:\/\/haberbesiktas.tr\/index.php?rest_route=\/wp\/v2\/posts\/4567\/revisions\/4569"}],"wp:featuredmedia":[{"embeddable":true,"href":"https:\/\/haberbesiktas.tr\/index.php?rest_route=\/wp\/v2\/media\/4568"}],"wp:attachment":[{"href":"https:\/\/haberbesiktas.tr\/index.php?rest_route=%2Fwp%2Fv2%2Fmedia&parent=4567"}],"wp:term":[{"taxonomy":"category","embeddable":true,"href":"https:\/\/haberbesiktas.tr\/index.php?rest_route=%2Fwp%2Fv2%2Fcategories&post=4567"},{"taxonomy":"post_tag","embeddable":true,"href":"https:\/\/haberbesiktas.tr\/index.php?rest_route=%2Fwp%2Fv2%2Ftags&post=4567"}],"curies":[{"name":"wp","href":"https:\/\/api.w.org\/{rel}","templated":true}]}}