{"id":45701,"date":"2025-08-27T04:44:26","date_gmt":"2025-08-27T04:44:26","guid":{"rendered":"https:\/\/haberbesiktas.tr\/?p=45701"},"modified":"2025-08-27T04:44:26","modified_gmt":"2025-08-27T04:44:26","slug":"yksde-kac-kisi-universiteye-yerlesti-yok-2025","status":"publish","type":"post","link":"https:\/\/haberbesiktas.tr\/?p=45701","title":{"rendered":"YKS&#8217;de ka\u00e7 ki\u015fi \u00fcniversiteye yerle\u015fti? Y\u00d6K 2025"},"content":{"rendered":"<div><span>YKS sonucu 25 A\u011fustos 2025 Pazartesi g\u00fcn\u00fc sabah saatlerinde \u00d6SYM taraf\u0131ndan a\u00e7\u0131kland\u0131. Akabinde \u00fcniversitelere ka\u00e7 ki\u015finin yerle\u015fti\u011fi merak konusu oldu.<\/span><\/p>\n<p><span>Ge\u00e7en y\u0131l birinci tercihlerde 987 binin \u00fczerinde aday\u0131n yerle\u015ftirmesi yap\u0131l\u0131rken bu y\u0131lki birinci tercihlerde ka\u00e7 aday\u0131n kay\u0131t oldu\u011fu arama motorlar\u0131nda en \u00e7ok ara\u015ft\u0131r\u0131lan hususlardan biri oldu.<\/span><\/p>\n<p><strong>2025 YKS&#8217;DE KA\u00c7 K\u0130\u015e\u0130 \u00dcN\u0130VERS\u0130TEYE YERLE\u015eT\u0130?<br \/><\/strong><br \/><span>YKS&#8217;de tercih yapanlar\u0131n ka\u00e7\u0131n\u0131n \u00fcniversiteye yerle\u015fti\u011fi hakk\u0131nda \u00d6SYM&#8217;den \u015fimdi a\u00e7\u0131klama gelmedi.<\/span><\/p>\n<p><span>Ancak YKS yerle\u015ftirme sonu\u00e7lar\u0131na ili\u015fkin Y\u00d6K Ba\u015fkan\u0131 Erol \u00d6zvar a\u00e7\u0131klama yapt\u0131. Buna nazaran, Devlet \u00fcniversitelerindeki toplam kontenjanlar\u0131n y\u00fczde 99&#8217;u doldu.<\/span><\/p>\n<p><span>\u00d6nlisans kontenjanlar\u0131n\u0131n tamam\u0131; muvaffakiyet s\u0131ras\u0131 baraj\u0131 olan T\u0131p, Di\u015f Hekimli\u011fi, Eczac\u0131l\u0131k ve Hukuk programlar\u0131 doldu.<\/span><\/p>\n<p><span>Erol \u00d6zvar toplumsal medya hesab\u0131ndan yapt\u0131\u011f\u0131 a\u00e7\u0131klamada akt\u00fcel istatistikleri payla\u015ft\u0131;<\/span><\/p>\n<p><span>&#8220;Sevgili adaylar\u0131m\u0131z, 2025 YKS yerle\u015ftirme sonu\u00e7lar\u0131 a\u015fik\u00e2r oldu. \u00d6SYM&#8217;nin https:\/\/ykssonuc.osym.gov.tr internet adresinden \u00f6\u011frenebilirsiniz.<\/span><\/p>\n<p><span>Devlet \u00fcniversitelerinde toplam kontenjanlar\u0131n y\u00fczde 99&#8217;u, \u00f6n lisans kontenjanlar\u0131n\u0131n ise tamam\u0131 doldu.<\/span><\/p>\n<p><span>Devlet \u00fcniversitelerinin muvaffakiyet s\u0131ras\u0131 baraj\u0131 olan T\u0131p, Di\u015f Hekimli\u011fi, Eczac\u0131l\u0131k ve Hukuk programlar\u0131n\u0131n tamam\u0131 doldu. M\u00fchendislik programlar\u0131nda doluluk oran\u0131 y\u00fczde 97&#8217;yi a\u015farken, \u00f6\u011fretmenlik programlar\u0131nda y\u00fczde 95 olarak ger\u00e7ekle\u015fti.<\/span><\/p>\n<p><span>Y\u00fcksek\u00f6\u011fretim sisteminde istihdam odakl\u0131 ba\u015flatt\u0131\u011f\u0131m\u0131z d\u00f6n\u00fc\u015f\u00fcm kapsam\u0131nda hayata ge\u00e7irdi\u011fimiz yapay zek\u00e2ya, ye\u015fil d\u00f6n\u00fc\u015f\u00fcme, s\u0131hhat ve tar\u0131mda dijital teknolojilere dayal\u0131 programlara adaylar\u0131m\u0131z b\u00fcy\u00fck tevecc\u00fch g\u00f6sterdi. 3&#8217;\u00fc lisans, 24&#8217;\u00fc \u00f6n lisans olmak \u00fczere bu y\u0131l birinci kere a\u00e7t\u0131\u011f\u0131m\u0131z 27 programda tek bir kontenjan bile bo\u015f kalmad\u0131.<\/span><\/p>\n<p><span>T\u00fcm gen\u00e7lerimizi kutlar, sonu\u00e7lar\u0131n g\u00fczel olmas\u0131n\u0131 dilerim.&#8221;<\/span><\/div>\n<div>Haber ile daha fazlas\u0131na ula\u015f\u0131n:<\/div>\n<div>G\u00fcndem<\/div>\n","protected":false},"excerpt":{"rendered":"<p>2025 YKS yerle\u015ftirme sonu\u00e7lar\u0131n\u0131n a\u00e7\u0131klanmas\u0131yla bir arada &#8220;2025 YKS&#8217;de ka\u00e7 ki\u015fi \u00fcniversiteye yerle\u015fti? sorusu ara\u015ft\u0131rma konusu oldu. Birinci yerle\u015ftirmede yerle\u015fme hakk\u0131 elde edemeyen adaylar ek tercih i\u00e7in istatistikleri ara\u015ft\u0131r\u0131yor. \u0130\u015fte t\u00fcm detaylar&#8230;<\/p>\n","protected":false},"author":1,"featured_media":0,"comment_status":"open","ping_status":"open","sticky":false,"template":"","format":"standard","meta":{"footnotes":""},"categories":[10],"tags":[3284,3324],"class_list":["post-45701","post","type-post","status-publish","format-standard","hentry","category-basketbol","tag-kontenjan","tag-yks"],"_links":{"self":[{"href":"https:\/\/haberbesiktas.tr\/index.php?rest_route=\/wp\/v2\/posts\/45701","targetHints":{"allow":["GET"]}}],"collection":[{"href":"https:\/\/haberbesiktas.tr\/index.php?rest_route=\/wp\/v2\/posts"}],"about":[{"href":"https:\/\/haberbesiktas.tr\/index.php?rest_route=\/wp\/v2\/types\/post"}],"author":[{"embeddable":true,"href":"https:\/\/haberbesiktas.tr\/index.php?rest_route=\/wp\/v2\/users\/1"}],"replies":[{"embeddable":true,"href":"https:\/\/haberbesiktas.tr\/index.php?rest_route=%2Fwp%2Fv2%2Fcomments&post=45701"}],"version-history":[{"count":1,"href":"https:\/\/haberbesiktas.tr\/index.php?rest_route=\/wp\/v2\/posts\/45701\/revisions"}],"predecessor-version":[{"id":45702,"href":"https:\/\/haberbesiktas.tr\/index.php?rest_route=\/wp\/v2\/posts\/45701\/revisions\/45702"}],"wp:attachment":[{"href":"https:\/\/haberbesiktas.tr\/index.php?rest_route=%2Fwp%2Fv2%2Fmedia&parent=45701"}],"wp:term":[{"taxonomy":"category","embeddable":true,"href":"https:\/\/haberbesiktas.tr\/index.php?rest_route=%2Fwp%2Fv2%2Fcategories&post=45701"},{"taxonomy":"post_tag","embeddable":true,"href":"https:\/\/haberbesiktas.tr\/index.php?rest_route=%2Fwp%2Fv2%2Ftags&post=45701"}],"curies":[{"name":"wp","href":"https:\/\/api.w.org\/{rel}","templated":true}]}}