{"id":45768,"date":"2025-08-27T15:32:24","date_gmt":"2025-08-27T15:32:24","guid":{"rendered":"https:\/\/haberbesiktas.tr\/?p=45768"},"modified":"2025-08-27T15:32:24","modified_gmt":"2025-08-27T15:32:24","slug":"almanya-karadag-karsisinda-farka-kostu","status":"publish","type":"post","link":"https:\/\/haberbesiktas.tr\/?p=45768","title":{"rendered":"Almanya, Karada\u011f kar\u015f\u0131s\u0131nda farka ko\u015ftu!"},"content":{"rendered":"<div>2025 Avrupa Basketbol \u015eampiyonas\u0131&#8217;nda (EuroBasket 2025) B Grubu&#8217;ndaki birinci ma\u00e7ta Almanya ile Karada\u011f kar\u015f\u0131 kar\u015f\u0131ya geldi.<\/p>\n<p> Finlandiya&#8217;n\u0131n Tampere kentinden bulunan Nokia Arena&#8217;da oynanan m\u00fcsabakay\u0131 Almanya 106-76 kazand\u0131.<\/p>\n<p> Almanya k\u00fcmenin ba\u015fka ma\u00e7\u0131nda \u0130sve\u00e7 ile 29 A\u011fustos saat 13.30&#8217;de kar\u015f\u0131la\u015facak.<\/p>\n<p> Bu skorla birlikte Almanya, EuroBasket 2025&#8217;te 100 say\u0131ya ula\u015fan birinci ekip oldu.<\/p>\n<\/div>\n","protected":false},"excerpt":{"rendered":"<p>Almanya, 2025 Avrupa Basketbol \u015eampiyonas\u0131 B K\u00fcmesi birinci ma\u00e7\u0131nda Karada\u011f&#8217;\u0131 106-76 ma\u011flup etti.<\/p>\n","protected":false},"author":1,"featured_media":0,"comment_status":"open","ping_status":"open","sticky":false,"template":"","format":"standard","meta":{"footnotes":""},"categories":[10],"tags":[],"class_list":["post-45768","post","type-post","status-publish","format-standard","hentry","category-basketbol"],"_links":{"self":[{"href":"https:\/\/haberbesiktas.tr\/index.php?rest_route=\/wp\/v2\/posts\/45768","targetHints":{"allow":["GET"]}}],"collection":[{"href":"https:\/\/haberbesiktas.tr\/index.php?rest_route=\/wp\/v2\/posts"}],"about":[{"href":"https:\/\/haberbesiktas.tr\/index.php?rest_route=\/wp\/v2\/types\/post"}],"author":[{"embeddable":true,"href":"https:\/\/haberbesiktas.tr\/index.php?rest_route=\/wp\/v2\/users\/1"}],"replies":[{"embeddable":true,"href":"https:\/\/haberbesiktas.tr\/index.php?rest_route=%2Fwp%2Fv2%2Fcomments&post=45768"}],"version-history":[{"count":1,"href":"https:\/\/haberbesiktas.tr\/index.php?rest_route=\/wp\/v2\/posts\/45768\/revisions"}],"predecessor-version":[{"id":45769,"href":"https:\/\/haberbesiktas.tr\/index.php?rest_route=\/wp\/v2\/posts\/45768\/revisions\/45769"}],"wp:attachment":[{"href":"https:\/\/haberbesiktas.tr\/index.php?rest_route=%2Fwp%2Fv2%2Fmedia&parent=45768"}],"wp:term":[{"taxonomy":"category","embeddable":true,"href":"https:\/\/haberbesiktas.tr\/index.php?rest_route=%2Fwp%2Fv2%2Fcategories&post=45768"},{"taxonomy":"post_tag","embeddable":true,"href":"https:\/\/haberbesiktas.tr\/index.php?rest_route=%2Fwp%2Fv2%2Ftags&post=45768"}],"curies":[{"name":"wp","href":"https:\/\/api.w.org\/{rel}","templated":true}]}}