{"id":45770,"date":"2025-08-27T16:56:25","date_gmt":"2025-08-27T16:56:25","guid":{"rendered":"https:\/\/haberbesiktas.tr\/?p=45770"},"modified":"2025-08-27T16:56:25","modified_gmt":"2025-08-27T16:56:25","slug":"a-milli-basketbol-takimindan-eurobaskete-harika-baslangic","status":"publish","type":"post","link":"https:\/\/haberbesiktas.tr\/?p=45770","title":{"rendered":"A Milli Basketbol Tak\u0131m\u0131&#8217;ndan EuroBasket&#8217;e harika ba\u015flang\u0131\u00e7!"},"content":{"rendered":"<div>A Ulusal Erkek Basketbol Ekibi, 2025 Avrupa \u015eampiyonas\u0131&#8217;ndaki birinci ma\u00e7\u0131nda Letonya ile kar\u015f\u0131la\u015ft\u0131.<\/p>\n<p> A Ulusal Ekip, ba\u015ftan sona \u00fcst\u00fcn oynad\u0131\u011f\u0131 ma\u00e7tan 93-73 galibiyetle ayr\u0131ld\u0131.<\/p>\n<p> 12 Dev Adam, bu sonucun akabinde Avrupa \u015eampiyonas\u0131&#8217;na galibiyetle ba\u015flad\u0131.<\/p>\n<p> <strong>DETAYLAR GEL\u0130YOR<\/strong><\/p>\n<\/div>\n","protected":false},"excerpt":{"rendered":"<p>A Ulusal Erkek Basketbol Kadrosu, 2025 Avrupa \u015eampiyonas\u0131&#8217;ndaki birinci ma\u00e7\u0131nda Letonya&#8217;y\u0131 93-73 ma\u011flup etti.<\/p>\n","protected":false},"author":1,"featured_media":0,"comment_status":"open","ping_status":"open","sticky":false,"template":"","format":"standard","meta":{"footnotes":""},"categories":[10],"tags":[],"class_list":["post-45770","post","type-post","status-publish","format-standard","hentry","category-basketbol"],"_links":{"self":[{"href":"https:\/\/haberbesiktas.tr\/index.php?rest_route=\/wp\/v2\/posts\/45770","targetHints":{"allow":["GET"]}}],"collection":[{"href":"https:\/\/haberbesiktas.tr\/index.php?rest_route=\/wp\/v2\/posts"}],"about":[{"href":"https:\/\/haberbesiktas.tr\/index.php?rest_route=\/wp\/v2\/types\/post"}],"author":[{"embeddable":true,"href":"https:\/\/haberbesiktas.tr\/index.php?rest_route=\/wp\/v2\/users\/1"}],"replies":[{"embeddable":true,"href":"https:\/\/haberbesiktas.tr\/index.php?rest_route=%2Fwp%2Fv2%2Fcomments&post=45770"}],"version-history":[{"count":1,"href":"https:\/\/haberbesiktas.tr\/index.php?rest_route=\/wp\/v2\/posts\/45770\/revisions"}],"predecessor-version":[{"id":45771,"href":"https:\/\/haberbesiktas.tr\/index.php?rest_route=\/wp\/v2\/posts\/45770\/revisions\/45771"}],"wp:attachment":[{"href":"https:\/\/haberbesiktas.tr\/index.php?rest_route=%2Fwp%2Fv2%2Fmedia&parent=45770"}],"wp:term":[{"taxonomy":"category","embeddable":true,"href":"https:\/\/haberbesiktas.tr\/index.php?rest_route=%2Fwp%2Fv2%2Fcategories&post=45770"},{"taxonomy":"post_tag","embeddable":true,"href":"https:\/\/haberbesiktas.tr\/index.php?rest_route=%2Fwp%2Fv2%2Ftags&post=45770"}],"curies":[{"name":"wp","href":"https:\/\/api.w.org\/{rel}","templated":true}]}}