{"id":4596,"date":"2025-01-19T02:36:00","date_gmt":"2025-01-19T02:36:00","guid":{"rendered":"https:\/\/haberbesiktas.tr\/?p=4596"},"modified":"2025-01-19T02:36:00","modified_gmt":"2025-01-19T02:36:00","slug":"mert-hakan-yandandas-galatasaray-maci-sonrasi-tepki","status":"publish","type":"post","link":"https:\/\/haberbesiktas.tr\/?p=4596","title":{"rendered":"Mert Hakan Yandan&#8217;da\u015f Galatasaray ma\u00e7\u0131 sonras\u0131 tepki"},"content":{"rendered":"<div>Fenerbah\u00e7eli futbolcu Mert Hakan Yanda\u015f, Ba\u015fak\u015fehir-Galatasaray ma\u00e7\u0131n\u0131n akabinde ge\u00e7en d\u00f6nem Adana Demirspor ile oynad\u0131klar\u0131 m\u00fcsabakan\u0131n hakemi Ali Palab\u0131y\u0131k&#8217;\u0131n kelamlar\u0131n\u0131 payla\u015ft\u0131.<\/p>\n<p> Ali Palab\u0131y\u0131k bir programda o konumla ilgili &#8220;Mert Hakan&#8217;\u0131n atm\u0131\u015f oldu\u011fu golde el hissettim fakat emin de\u011fildim. Emin olmad\u0131\u011f\u0131m durumda d\u00fcd\u00fck \u00e7almam ve gol\u00fc iptal etmem olmaz. VAR hakemin eline de\u011fmi\u015f olabilece\u011fini s\u00f6yledim. VAR hakeminin incelemesi sonras\u0131 konum el olarak de\u011ferlendirildi ve gol\u00fc iptal ettik. O ma\u00e7tan sonra bana \u00e7ok reaksiyon oldu. Soyunma odas\u0131na gidip imaja bakt\u0131\u011f\u0131mda eli g\u00f6remedim. G\u00f6remedi\u011fim bir elden gol\u00fc iptal ettim&#8221; a\u00e7\u0131klamas\u0131n\u0131 yapt\u0131.<\/p>\n<p> Galatasaray ma\u00e7\u0131 sonras\u0131 Ali Palab\u0131y\u0131k&#8217;\u0131n kelamlar\u0131n\u0131 payla\u015fan Mert Hakan Yanda\u015f &#8220;<strong>\u015eu an izledi\u011finiz tiyatrodan bir kesit. Allah herkesi sizin \u00fczere &#8216;iyi&#8217;lerden korusun. En g\u00fc\u00e7 vakitte sahneye \u00e7\u0131k\u0131p gereken itina ile yap\u0131l\u0131r tiyatro sergilenir ve akabinde o klasik palavra gelir; &#8216;iyiler kesinlikle kazan\u0131r&#8217; ve sonra perde kapan\u0131r yeni sahne ba\u015flar\u2026<\/strong>&#8221; tabirlerini kulland\u0131.<\/p>\n<p><img decoding=\"async\" src=\"https:\/\/haberbesiktas.tr\/wp-content\/uploads\/2025\/01\/mert-hakan-yandandas-galatasaray-maci-sonrasi-tepki-0-uUAJD1zz.jpg\"\/><\/p>\n<\/div>\n","protected":false},"excerpt":{"rendered":"<p>Fenerbah\u00e7eli futbolcu Mert Hakan Yanda\u015f, Ba\u015fak\u015fehir-Galatasaray ma\u00e7\u0131 sonras\u0131 payla\u015f\u0131m yapt\u0131. Ayr\u0131nt\u0131lar&#8230;<\/p>\n","protected":false},"author":1,"featured_media":4597,"comment_status":"open","ping_status":"open","sticky":false,"template":"","format":"standard","meta":{"footnotes":""},"categories":[25],"tags":[],"class_list":["post-4596","post","type-post","status-publish","format-standard","has-post-thumbnail","hentry","category-futbol"],"_links":{"self":[{"href":"https:\/\/haberbesiktas.tr\/index.php?rest_route=\/wp\/v2\/posts\/4596","targetHints":{"allow":["GET"]}}],"collection":[{"href":"https:\/\/haberbesiktas.tr\/index.php?rest_route=\/wp\/v2\/posts"}],"about":[{"href":"https:\/\/haberbesiktas.tr\/index.php?rest_route=\/wp\/v2\/types\/post"}],"author":[{"embeddable":true,"href":"https:\/\/haberbesiktas.tr\/index.php?rest_route=\/wp\/v2\/users\/1"}],"replies":[{"embeddable":true,"href":"https:\/\/haberbesiktas.tr\/index.php?rest_route=%2Fwp%2Fv2%2Fcomments&post=4596"}],"version-history":[{"count":1,"href":"https:\/\/haberbesiktas.tr\/index.php?rest_route=\/wp\/v2\/posts\/4596\/revisions"}],"predecessor-version":[{"id":4599,"href":"https:\/\/haberbesiktas.tr\/index.php?rest_route=\/wp\/v2\/posts\/4596\/revisions\/4599"}],"wp:featuredmedia":[{"embeddable":true,"href":"https:\/\/haberbesiktas.tr\/index.php?rest_route=\/wp\/v2\/media\/4597"}],"wp:attachment":[{"href":"https:\/\/haberbesiktas.tr\/index.php?rest_route=%2Fwp%2Fv2%2Fmedia&parent=4596"}],"wp:term":[{"taxonomy":"category","embeddable":true,"href":"https:\/\/haberbesiktas.tr\/index.php?rest_route=%2Fwp%2Fv2%2Fcategories&post=4596"},{"taxonomy":"post_tag","embeddable":true,"href":"https:\/\/haberbesiktas.tr\/index.php?rest_route=%2Fwp%2Fv2%2Ftags&post=4596"}],"curies":[{"name":"wp","href":"https:\/\/api.w.org\/{rel}","templated":true}]}}