{"id":45978,"date":"2025-09-02T23:56:09","date_gmt":"2025-09-02T23:56:09","guid":{"rendered":"https:\/\/haberbesiktas.tr\/?p=45978"},"modified":"2025-09-02T23:56:09","modified_gmt":"2025-09-02T23:56:09","slug":"fenerbahce-ederson-ile-anlasti-mi-geldi-mi-gelecek-mi","status":"publish","type":"post","link":"https:\/\/haberbesiktas.tr\/?p=45978","title":{"rendered":"Fenerbah\u00e7e Ederson ile anla\u015ft\u0131 m\u0131, geldi mi, gelecek mi?"},"content":{"rendered":"<div><span>Trendyol \u00dcst\u00fcn Lig&#8217;in 4. haftas\u0131nda Gen\u00e7lerbirli\u011fine konuk olan ve alandan 3-1&#8217;lik zaferle ayr\u0131lan Fenerbah\u00e7e&#8217;de hareketli g\u00fcnler ya\u015fan\u0131yor.<\/span><\/p>\n<p><span>Kerem Akt\u00fcrko\u011flu ve Marco Asensio&#8217;yu \u0130stanbul&#8217;a getiren sar\u0131-lacivertliler, kaleci deste\u011fi i\u00e7in de keyifli sona ula\u015ft\u0131.<\/span><\/p>\n<p><strong>FENERBAH\u00c7E MUAHEDEYE VARDI<\/strong><\/p>\n<p><span>Fenerbah\u00e7e, Galatasaray&#8217;\u0131n da g\u00fcndeminde bulunan Ederson i\u00e7in hem oyuncu hem de Manchester City ile muahedeye vard\u0131.<\/span><\/p>\n<p><strong>\u00d6DENECEK BONSERV\u0130S<\/strong><\/p>\n<p><span>\u00dcnl\u00fc gazeteci Fabrizio Romano&#8217;nun haberine nazaran sar\u0131-lacivertli kul\u00fcp, Brezilyal\u0131 file bek\u00e7isi i\u00e7in \u0130ngiliz devine 13-14 milyon euro band\u0131nda bir bonservis bedeli \u00f6deyecek.<\/span><\/p>\n<p><span>Haberin devam\u0131nda Fenerbah\u00e7e Sportif Y\u00f6neticisi Devin \u00d6zek&#8217;in, Ederson ve menajeri Jorge Mendes ile her mevzuda el s\u0131k\u0131\u015ft\u0131\u011f\u0131 kaydedildi.<\/span><\/p>\n<p><strong>\u0130STANBUL&#8217;A GEL\u0130\u015e SAAT\u0130<\/strong><\/p>\n<p><span>Deneyimli kalecinin bug\u00fcn saat 13.00&#8217;te Sabiha G\u00f6k\u00e7en Havaliman\u0131&#8217;nda olmas\u0131 bekleniyor.<\/span><\/p>\n<p><span>Ederson, s\u0131hhat denetimlerinin akabinde kendisini Fenerbah\u00e7eli yapan imzay\u0131 atmak i\u00e7in kul\u00fcp binas\u0131na ge\u00e7ecek.<\/span><\/p>\n<p><span>Ederson, Fenerbah\u00e7e ile 2028&#8217;e kadar kontrat imzalayacak ve y\u0131ll\u0131k 8+2 milyon euro kazanacak.<\/span><\/p>\n<p><strong>EDERSON&#8217;UN CITY PERFORMANSI<\/strong><\/p>\n<p><span>Manchester City&#8217;e 2017&#8217;de Benfica&#8217;dan 40 milyon euro bonservis bedeliyle transfer olan 32 ya\u015f\u0131ndaki Ederson, Premier Lig deviyle \u00e7\u0131kt\u0131\u011f\u0131 372 ma\u00e7ta 311 gol yedi ve 168 ma\u00e7ta kalesini gole kapatt\u0131.<\/span><\/div>\n<div>Haber ile daha fazlas\u0131na ula\u015f\u0131n:<\/div>\n<div>G\u00fcndem<\/div>\n","protected":false},"excerpt":{"rendered":"<p>Fenerbah\u00e7e, Galatasaray&#8217;\u0131n da ilgilendi\u011fi Ederson ile muahedeye vard\u0131. Tecr\u00fcbeli kaleci, \u0130stanbul&#8217;a geliyor.<\/p>\n","protected":false},"author":1,"featured_media":45979,"comment_status":"open","ping_status":"open","sticky":false,"template":"","format":"standard","meta":{"footnotes":""},"categories":[10],"tags":[3517,115],"class_list":["post-45978","post","type-post","status-publish","format-standard","has-post-thumbnail","hentry","category-basketbol","tag-ederson","tag-fenerbahce"],"_links":{"self":[{"href":"https:\/\/haberbesiktas.tr\/index.php?rest_route=\/wp\/v2\/posts\/45978","targetHints":{"allow":["GET"]}}],"collection":[{"href":"https:\/\/haberbesiktas.tr\/index.php?rest_route=\/wp\/v2\/posts"}],"about":[{"href":"https:\/\/haberbesiktas.tr\/index.php?rest_route=\/wp\/v2\/types\/post"}],"author":[{"embeddable":true,"href":"https:\/\/haberbesiktas.tr\/index.php?rest_route=\/wp\/v2\/users\/1"}],"replies":[{"embeddable":true,"href":"https:\/\/haberbesiktas.tr\/index.php?rest_route=%2Fwp%2Fv2%2Fcomments&post=45978"}],"version-history":[{"count":1,"href":"https:\/\/haberbesiktas.tr\/index.php?rest_route=\/wp\/v2\/posts\/45978\/revisions"}],"predecessor-version":[{"id":45980,"href":"https:\/\/haberbesiktas.tr\/index.php?rest_route=\/wp\/v2\/posts\/45978\/revisions\/45980"}],"wp:featuredmedia":[{"embeddable":true,"href":"https:\/\/haberbesiktas.tr\/index.php?rest_route=\/wp\/v2\/media\/45979"}],"wp:attachment":[{"href":"https:\/\/haberbesiktas.tr\/index.php?rest_route=%2Fwp%2Fv2%2Fmedia&parent=45978"}],"wp:term":[{"taxonomy":"category","embeddable":true,"href":"https:\/\/haberbesiktas.tr\/index.php?rest_route=%2Fwp%2Fv2%2Fcategories&post=45978"},{"taxonomy":"post_tag","embeddable":true,"href":"https:\/\/haberbesiktas.tr\/index.php?rest_route=%2Fwp%2Fv2%2Ftags&post=45978"}],"curies":[{"name":"wp","href":"https:\/\/api.w.org\/{rel}","templated":true}]}}