{"id":45987,"date":"2025-09-03T00:32:08","date_gmt":"2025-09-03T00:32:08","guid":{"rendered":"https:\/\/haberbesiktas.tr\/?p=45987"},"modified":"2025-09-03T00:32:08","modified_gmt":"2025-09-03T00:32:08","slug":"kyk-yurt-basvurulari-basladi-mi-kyk-yurt-basvurulari-nasil-yapilir","status":"publish","type":"post","link":"https:\/\/haberbesiktas.tr\/?p=45987","title":{"rendered":"KYK yurt ba\u015fvurular\u0131 ba\u015flad\u0131 m\u0131? KYK yurt ba\u015fvurular\u0131 nas\u0131l yap\u0131l\u0131r?"},"content":{"rendered":"<div><span>Gen\u00e7lik ve Spor Bakan\u0131 Osman A\u015fk\u0131n Bak \u00f6\u011frenci yurtlar\u0131na ait a\u00e7\u0131klamalarda bulundu.<\/span><\/p>\n<p><span>An prestijiyle 2025-2026 y\u0131l\u0131 yurt m\u00fcracaatlar\u0131n\u0131n ba\u015flad\u0131\u011f\u0131n\u0131 a\u00e7\u0131klayan Bakan Bak, ba\u015fvurular\u0131n 2-6 Eyl\u00fcl tarihleri ortas\u0131nda yap\u0131laca\u011f\u0131n\u0131 duyurdu.<\/span><\/p>\n<p><span>Bakan Bak, a\u00e7\u0131klamas\u0131nda \u015funlar\u0131 tabir etti:<\/span><\/p>\n<p><span>&#8220;Yurt m\u00fcracaatlar\u0131n\u0131 12 kamu kurumundan gelen bilgilerle dijital ortamda tahlil ediyoruz&#8221;<\/span><br \/><span>&#8220;An prestijiyle 2025-2026 y\u0131l\u0131 yurt m\u00fcracaatlar\u0131n\u0131 ba\u015flat\u0131yoruz. 2-6 Eyl\u00fcl tarihleri ortas\u0131nda \u00fclkemizin d\u00f6rt bir k\u00f6\u015fesindeki gen\u00e7lerimizin m\u00fcracaatlar\u0131n\u0131 bekliyoruz. Ek kontenjan, yatay ve dikey ge\u00e7i\u015f, lisans\u00fcst\u00fc e\u011fitim ile ola\u011fan tahsil m\u00fcddetinde e\u011fitimini tamamlayamayan, bir y\u00fcksek \u00f6\u011fretim kurumu program\u0131ndan mezun olup ikinci \u00fcniversitesini okumakta olan \u00f6\u011frencilerimizin yurt m\u00fcracaatlar\u0131n\u0131 da \u00fcniversite ile ilgili s\u00fcre\u00e7leri tamamland\u0131ktan sonra alaca\u011f\u0131z. Yurt m\u00fcracaatlar\u0131n\u0131 12 kamu kurumundan gelen datalarla dijital ortamda tahlil ediyoruz.&#8221;<\/span><\/div>\n<div>Haber ile daha fazlas\u0131na ula\u015f\u0131n:<\/div>\n<div>G\u00fcndem<\/div>\n","protected":false},"excerpt":{"rendered":"<p>Gen\u00e7lik ve Spor Bakan\u0131 Osman A\u015fk\u0131n Bak, 2025-2026 e\u011fitim \u00f6\u011fretim y\u0131l\u0131 GSB yurt m\u00fcracaatlar\u0131n\u0131n ba\u015flad\u0131\u011f\u0131n\u0131 duyurdu.<\/p>\n","protected":false},"author":1,"featured_media":45988,"comment_status":"open","ping_status":"open","sticky":false,"template":"","format":"standard","meta":{"footnotes":""},"categories":[10],"tags":[2337],"class_list":["post-45987","post","type-post","status-publish","format-standard","has-post-thumbnail","hentry","category-basketbol","tag-bak"],"_links":{"self":[{"href":"https:\/\/haberbesiktas.tr\/index.php?rest_route=\/wp\/v2\/posts\/45987","targetHints":{"allow":["GET"]}}],"collection":[{"href":"https:\/\/haberbesiktas.tr\/index.php?rest_route=\/wp\/v2\/posts"}],"about":[{"href":"https:\/\/haberbesiktas.tr\/index.php?rest_route=\/wp\/v2\/types\/post"}],"author":[{"embeddable":true,"href":"https:\/\/haberbesiktas.tr\/index.php?rest_route=\/wp\/v2\/users\/1"}],"replies":[{"embeddable":true,"href":"https:\/\/haberbesiktas.tr\/index.php?rest_route=%2Fwp%2Fv2%2Fcomments&post=45987"}],"version-history":[{"count":1,"href":"https:\/\/haberbesiktas.tr\/index.php?rest_route=\/wp\/v2\/posts\/45987\/revisions"}],"predecessor-version":[{"id":45989,"href":"https:\/\/haberbesiktas.tr\/index.php?rest_route=\/wp\/v2\/posts\/45987\/revisions\/45989"}],"wp:featuredmedia":[{"embeddable":true,"href":"https:\/\/haberbesiktas.tr\/index.php?rest_route=\/wp\/v2\/media\/45988"}],"wp:attachment":[{"href":"https:\/\/haberbesiktas.tr\/index.php?rest_route=%2Fwp%2Fv2%2Fmedia&parent=45987"}],"wp:term":[{"taxonomy":"category","embeddable":true,"href":"https:\/\/haberbesiktas.tr\/index.php?rest_route=%2Fwp%2Fv2%2Fcategories&post=45987"},{"taxonomy":"post_tag","embeddable":true,"href":"https:\/\/haberbesiktas.tr\/index.php?rest_route=%2Fwp%2Fv2%2Ftags&post=45987"}],"curies":[{"name":"wp","href":"https:\/\/api.w.org\/{rel}","templated":true}]}}