{"id":45990,"date":"2025-09-03T00:44:10","date_gmt":"2025-09-03T00:44:10","guid":{"rendered":"https:\/\/haberbesiktas.tr\/?p=45990"},"modified":"2025-09-03T00:44:10","modified_gmt":"2025-09-03T00:44:10","slug":"ilkay-gundogan-yerli-statusunde-mi-yabanci-statusunde-mi","status":"publish","type":"post","link":"https:\/\/haberbesiktas.tr\/?p=45990","title":{"rendered":"\u0130lkay G\u00fcndo\u011fan yerli stat\u00fcs\u00fcnde mi, yabanc\u0131 stat\u00fcs\u00fcnde mi?"},"content":{"rendered":"<div><span>Transfer \u00e7al\u0131\u015fmalar\u0131na s\u00fcrat veren Galatasaray&#8217;dan, \u0130lkay G\u00fcndo\u011fan at\u0131l\u0131m\u0131 geldi. Galatasaray, \u0130ngiliz tak\u0131m\u0131 Manchester City&#8217;de forma giyen \u0130lkay G\u00fcndo\u011fan ile mutabakat sa\u011flad\u0131. Deneyimli oyuncunun bug\u00fcn saat 15.00 s\u0131ralar\u0131nda \u0130stanbul&#8217;da olmas\u0131 ve s\u0131hhat denetimlerinden ge\u00e7erek, imza atmas\u0131 bekleniyor.<\/span><\/p>\n<p><span>Sar\u0131-k\u0131rm\u0131z\u0131l\u0131lar\u0131n deneyimli oyuncu ile 2 y\u0131ll\u0131k mukavele ve 5 y\u0131ll\u0131k garanti fiyat \u00f6deyece\u011fi tez edildi. Galatasaray&#8217;\u0131n anla\u015ft\u0131\u011f\u0131na dair savlar\u0131n akabinde \u0130lkay G\u00fcndo\u011fan yabanc\u0131 stat\u00fcs\u00fcnde mi, yerli stat\u00fcs\u00fcnde mi oldu\u011fu g\u00fcndeme geldi.<\/p>\n<p><strong>\u0130LKAY G\u00dcNDO\u011eAN YABANCI STAT\u00dcS\u00dcNDE M\u0130, YERL\u0130 M\u0130?<\/strong><br \/><span>\u0130lkay G\u00fcndo\u011fan, S\u00fcper Lig&#8217;de yerli stat\u00fcs\u00fcnde pahaland\u0131r\u0131lacak. Kurallar gere\u011fi Almanya A Ulusal Grubu&#8217;nu 15 Haziran 2015 \u00f6ncesinden se\u00e7ti\u011fi i\u00e7in yerli stat\u00fcs\u00fcnde say\u0131l\u0131yor.<\/span><br \/><\/span><\/div>\n<div>Haber ile daha fazlas\u0131na ula\u015f\u0131n:<\/div>\n<div>G\u00fcndem<\/div>\n","protected":false},"excerpt":{"rendered":"<p>Galatasaray&#8217;da transferde hareketli saatler ya\u015fan\u0131yor. Sar\u0131-k\u0131rm\u0131z\u0131l\u0131lar, Manchester City&#8217;de forma giyen \u0130lkay G\u00fcndo\u011fan ile muahede sa\u011flad\u0131. Taraftarlar taraf\u0131ndan \u0130lkay G\u00fcndo\u011fan yerli stat\u00fcs\u00fcnde mi, yabanc\u0131 stat\u00fcs\u00fcnde mi oldu\u011fu ara\u015ft\u0131r\u0131lmaya ba\u015fland\u0131.<\/p>\n","protected":false},"author":1,"featured_media":45991,"comment_status":"open","ping_status":"open","sticky":false,"template":"","format":"standard","meta":{"footnotes":""},"categories":[10],"tags":[3521],"class_list":["post-45990","post","type-post","status-publish","format-standard","has-post-thumbnail","hentry","category-basketbol","tag-ilkay-gundogan"],"_links":{"self":[{"href":"https:\/\/haberbesiktas.tr\/index.php?rest_route=\/wp\/v2\/posts\/45990","targetHints":{"allow":["GET"]}}],"collection":[{"href":"https:\/\/haberbesiktas.tr\/index.php?rest_route=\/wp\/v2\/posts"}],"about":[{"href":"https:\/\/haberbesiktas.tr\/index.php?rest_route=\/wp\/v2\/types\/post"}],"author":[{"embeddable":true,"href":"https:\/\/haberbesiktas.tr\/index.php?rest_route=\/wp\/v2\/users\/1"}],"replies":[{"embeddable":true,"href":"https:\/\/haberbesiktas.tr\/index.php?rest_route=%2Fwp%2Fv2%2Fcomments&post=45990"}],"version-history":[{"count":1,"href":"https:\/\/haberbesiktas.tr\/index.php?rest_route=\/wp\/v2\/posts\/45990\/revisions"}],"predecessor-version":[{"id":45992,"href":"https:\/\/haberbesiktas.tr\/index.php?rest_route=\/wp\/v2\/posts\/45990\/revisions\/45992"}],"wp:featuredmedia":[{"embeddable":true,"href":"https:\/\/haberbesiktas.tr\/index.php?rest_route=\/wp\/v2\/media\/45991"}],"wp:attachment":[{"href":"https:\/\/haberbesiktas.tr\/index.php?rest_route=%2Fwp%2Fv2%2Fmedia&parent=45990"}],"wp:term":[{"taxonomy":"category","embeddable":true,"href":"https:\/\/haberbesiktas.tr\/index.php?rest_route=%2Fwp%2Fv2%2Fcategories&post=45990"},{"taxonomy":"post_tag","embeddable":true,"href":"https:\/\/haberbesiktas.tr\/index.php?rest_route=%2Fwp%2Fv2%2Ftags&post=45990"}],"curies":[{"name":"wp","href":"https:\/\/api.w.org\/{rel}","templated":true}]}}