{"id":45996,"date":"2025-09-03T01:08:09","date_gmt":"2025-09-03T01:08:09","guid":{"rendered":"https:\/\/haberbesiktas.tr\/?p=45996"},"modified":"2025-09-03T01:08:09","modified_gmt":"2025-09-03T01:08:09","slug":"2-eylul-gelinim-mutfakta-puan-durumu-ceyrek-altini-kim-kazandi","status":"publish","type":"post","link":"https:\/\/haberbesiktas.tr\/?p=45996","title":{"rendered":"2 Eyl\u00fcl Gelinim Mutfakta puan durumu! \u00c7eyrek alt\u0131n\u0131 kim kazand\u0131?"},"content":{"rendered":"<div><span>2 Eyl\u00fcl Gelinim Mutfakta g\u00fcn\u00fcn birincisi ve puan durumu muhakkak oluyor. Miyase, Tu\u011fba, Hanife ve Zehra gelinler ortas\u0131nda kazanan isim haftaya ve d\u00f6neme avantajl\u0131 ba\u015flayacak. Gelinler, kaynanalardan y\u00fcksek puan almak i\u00e7in verilen tan\u0131m\u0131 en d\u00fczg\u00fcn halde yapmak i\u00e7in \u00e7aba ediyor.<\/span><\/p>\n<p><strong>2 EYL\u00dcL GEL\u0130N\u0130M MUTFAKTA \u00c7EYREK ALTINI K\u0130M KAZANDI?<br \/><\/strong><br \/><span>2 Eyl\u00fcl Sal\u0131 g\u00fcn\u00fc Gelinim Mutfakta program\u0131nda en d\u00fczg\u00fcn tan\u0131m\u0131 yapmak i\u00e7in yar\u0131\u015fan gelinlerin u\u011fra\u015f\u0131 ekrana yans\u0131d\u0131. D\u00f6nemin birinci haftas\u0131nda izleyiciler ekran ba\u015f\u0131nda toplan\u0131rken g\u00fcn\u00fcn birincisi olan gelinin kim oldu\u011fu ise merak ediliyor.<\/span><\/p>\n<p><span>Miyase, Tu\u011fba, Zehra ve Hanife ortas\u0131ndan 2 Eyl\u00fcl Gelinim Mutfakta birincisi ve \u00e7eyrek alt\u0131n\u0131 kazanan isim \u015fimdi a\u015fik\u00e2r olmad\u0131. Program\u0131n akabinde haberimize eklenecektir.<\/span><\/p>\n<p><strong>2 EYL\u00dcL GEL\u0130N\u0130M MUTFAKTA PUAN DURUMU<br \/><\/strong><br \/><span>Hafta finalinde her gelinin alt\u0131n bilezik ald\u0131\u011f\u0131 Gelinim Mutfakta program\u0131nda gelinler, verilen tan\u0131m\u0131 en \u00e2l\u00e2 bi\u00e7imde yaparak kaynanalardan y\u00fcksek puan almaya \u00e7al\u0131\u015f\u0131yor. G\u00fcn\u00fcn puan durumu haftal\u0131k puan tablosu a\u00e7\u0131s\u0131ndan \u00f6ne \u00e7\u0131k\u0131yor.<\/span><\/p>\n<p><span>Krepli Avc\u0131 b\u00f6re\u011fi tan\u0131m\u0131nda yar\u0131\u015fan yar\u0131\u015fmac\u0131lardan g\u00fcn\u00fcn puan s\u0131ralamas\u0131 belirli oldu\u011funda haberimize eklenecektir. 1 Eyl\u00fcl puan durumu ise \u015fu haldeydi:<\/span><\/p>\n<p><span>Tu\u011fba: 21 puan<\/span><\/p>\n<p><span>Miyase: 18 puan<\/span><\/p>\n<p><span>Zehra: 10 puan<\/span><\/p>\n<p><span>Hanife: 8 puan<\/span><\/div>\n<div>Haber ile daha fazlas\u0131na ula\u015f\u0131n:<\/div>\n<div>G\u00fcndem<\/div>\n","protected":false},"excerpt":{"rendered":"<p>8. d\u00f6nemiyle ekranlara d\u00f6nen Gelinim Mutfakta program\u0131nda k\u0131yas\u0131ya rekabet devam ediyor. 2 Eyl\u00fcl Gelinim Mutfakta puan durumu ve g\u00fcn\u00fcn birincisi merak ediliyor. Yar\u0131\u015fmac\u0131lar Miyase, Tu\u011fba, Hanife ve Zehra ortas\u0131ndan 2 Eyl\u00fcl Gelinim Mutfakta \u00e7eyrek alt\u0131n\u0131 kazanan isim muhakkak oluyor.<\/p>\n","protected":false},"author":1,"featured_media":45997,"comment_status":"open","ping_status":"open","sticky":false,"template":"","format":"standard","meta":{"footnotes":""},"categories":[10],"tags":[3524,3523],"class_list":["post-45996","post","type-post","status-publish","format-standard","has-post-thumbnail","hentry","category-basketbol","tag-2-eylul","tag-gelinim-mutfakta"],"_links":{"self":[{"href":"https:\/\/haberbesiktas.tr\/index.php?rest_route=\/wp\/v2\/posts\/45996","targetHints":{"allow":["GET"]}}],"collection":[{"href":"https:\/\/haberbesiktas.tr\/index.php?rest_route=\/wp\/v2\/posts"}],"about":[{"href":"https:\/\/haberbesiktas.tr\/index.php?rest_route=\/wp\/v2\/types\/post"}],"author":[{"embeddable":true,"href":"https:\/\/haberbesiktas.tr\/index.php?rest_route=\/wp\/v2\/users\/1"}],"replies":[{"embeddable":true,"href":"https:\/\/haberbesiktas.tr\/index.php?rest_route=%2Fwp%2Fv2%2Fcomments&post=45996"}],"version-history":[{"count":1,"href":"https:\/\/haberbesiktas.tr\/index.php?rest_route=\/wp\/v2\/posts\/45996\/revisions"}],"predecessor-version":[{"id":45998,"href":"https:\/\/haberbesiktas.tr\/index.php?rest_route=\/wp\/v2\/posts\/45996\/revisions\/45998"}],"wp:featuredmedia":[{"embeddable":true,"href":"https:\/\/haberbesiktas.tr\/index.php?rest_route=\/wp\/v2\/media\/45997"}],"wp:attachment":[{"href":"https:\/\/haberbesiktas.tr\/index.php?rest_route=%2Fwp%2Fv2%2Fmedia&parent=45996"}],"wp:term":[{"taxonomy":"category","embeddable":true,"href":"https:\/\/haberbesiktas.tr\/index.php?rest_route=%2Fwp%2Fv2%2Fcategories&post=45996"},{"taxonomy":"post_tag","embeddable":true,"href":"https:\/\/haberbesiktas.tr\/index.php?rest_route=%2Fwp%2Fv2%2Ftags&post=45996"}],"curies":[{"name":"wp","href":"https:\/\/api.w.org\/{rel}","templated":true}]}}