{"id":45999,"date":"2025-09-03T01:20:09","date_gmt":"2025-09-03T01:20:09","guid":{"rendered":"https:\/\/haberbesiktas.tr\/?p=45999"},"modified":"2025-09-03T01:20:09","modified_gmt":"2025-09-03T01:20:09","slug":"borsa-neden-dusuyor-2-eylul-bist-neden-dustu","status":"publish","type":"post","link":"https:\/\/haberbesiktas.tr\/?p=45999","title":{"rendered":"Borsa neden d\u00fc\u015f\u00fcyor? 2 Eyl\u00fcl BIST neden d\u00fc\u015ft\u00fc?"},"content":{"rendered":"<div><span>8 Ekim 2023 tarihinde ger\u00e7ekle\u015fen bir kongrenin iptali i\u00e7in a\u00e7\u0131lan davan\u0131n sonucu, piyasalarda dikkatle takip ediliyor. Mahkemenin, mevcut idarenin misyondan al\u0131nmas\u0131na ve 196 delegenin tedbiren uzakla\u015ft\u0131r\u0131lmas\u0131na karar vermesi, siyasi arenada yeni bir tart\u0131\u015fma ba\u015flatt\u0131. Kongre s\u00fcrecinin de durdurulmas\u0131, siyasi istikrar beklentilerini bir \u00f6l\u00e7\u00fc zedeleyebilir.<\/span><\/p>\n<p><span>Ge\u00e7ici olarak atanan heyetin (G\u00fcrsel Tekin, Zeki \u015een, Hasan Babacan, M\u00fcjdat G\u00fcrb\u00fcz ve Erkan Narsap) vazifeye ba\u015flamas\u0131, k\u0131sa vadede me\u00e7hull\u00fc\u011f\u00fc azaltabilir. Lakin bu cins siyasi tansiyonlar, yat\u0131r\u0131mc\u0131lar\u0131n risk i\u015ftah\u0131n\u0131 d\u00fc\u015f\u00fcrebiliyor.<\/span><\/p>\n<p><strong>D\u00fc\u015f\u00fc\u015f\u00fcn \u00d6teki Sebepleri<br \/><\/strong><br \/><span>Sadece siyasi geli\u015fmeler de\u011fil, global iktisattaki yava\u015flama sinyalleri de borsadaki d\u00fc\u015f\u00fc\u015f\u00fc destekliyor. Y\u00fcksek faiz oranlar\u0131, \u015firket karlar\u0131n\u0131 olumsuz etkileme potansiyeli ta\u015f\u0131yor. Ayr\u0131yeten, d\u00fcnyadaki b\u00fcy\u00fck merkez bankalar\u0131n\u0131n s\u0131k\u0131 para siyasetlerine devam etme karar\u0131, global likiditeyi azaltarak borsalarda bir bask\u0131 olu\u015fturuyor.<\/span><\/p>\n<p><span>Sonu\u00e7 olarak, borsadaki d\u00fc\u015f\u00fc\u015f \u00e7ok tarafl\u0131 bir olgu. \u0130stanbul&#8217;daki siyasi geli\u015fmeler, bu d\u00fc\u015f\u00fc\u015fe katk\u0131da bulunan \u00f6gelerden yaln\u0131zca biri. Fakat yat\u0131r\u0131mc\u0131lar, hem lokal hem de global geli\u015fmeleri dikkatle takip ederek konumlar\u0131n\u0131 tekrar g\u00f6zden ge\u00e7iriyor.<\/span><\/div>\n<div>Haber ile daha fazlas\u0131na ula\u015f\u0131n:<\/div>\n<div>G\u00fcndem<\/div>\n","protected":false},"excerpt":{"rendered":"<p>Son vakitlerde yat\u0131r\u0131mc\u0131lar\u0131 huzursuz eden borsa d\u00fc\u015f\u00fc\u015f\u00fc, pek \u00e7ok farkl\u0131 sebebe ba\u011flan\u0131yor. Global ekonomik dalgalanmalar, artan enflasyon beklentileri ve jeopolitik riskler \u00fczere fakt\u00f6rler, borsan\u0131n taraf\u0131n\u0131 belirlemede de\u011ferli rol oynuyor. Fakat lokal dinamiklerin de bu d\u00fc\u015f\u00fc\u015fte tesirli olabilece\u011fi konu\u015fuluyor. Bilhassa son g\u00fcnlerde \u0130stanbul&#8217;da ya\u015fanan siyasi geli\u015fmeler, piyasada belirsizlik yaratarak yat\u0131r\u0131mc\u0131lar\u0131n temkinli davranmas\u0131na neden oluyor.<\/p>\n","protected":false},"author":1,"featured_media":46000,"comment_status":"open","ping_status":"open","sticky":false,"template":"","format":"standard","meta":{"footnotes":""},"categories":[10],"tags":[3525],"class_list":["post-45999","post","type-post","status-publish","format-standard","has-post-thumbnail","hentry","category-basketbol","tag-siyasi"],"_links":{"self":[{"href":"https:\/\/haberbesiktas.tr\/index.php?rest_route=\/wp\/v2\/posts\/45999","targetHints":{"allow":["GET"]}}],"collection":[{"href":"https:\/\/haberbesiktas.tr\/index.php?rest_route=\/wp\/v2\/posts"}],"about":[{"href":"https:\/\/haberbesiktas.tr\/index.php?rest_route=\/wp\/v2\/types\/post"}],"author":[{"embeddable":true,"href":"https:\/\/haberbesiktas.tr\/index.php?rest_route=\/wp\/v2\/users\/1"}],"replies":[{"embeddable":true,"href":"https:\/\/haberbesiktas.tr\/index.php?rest_route=%2Fwp%2Fv2%2Fcomments&post=45999"}],"version-history":[{"count":1,"href":"https:\/\/haberbesiktas.tr\/index.php?rest_route=\/wp\/v2\/posts\/45999\/revisions"}],"predecessor-version":[{"id":46001,"href":"https:\/\/haberbesiktas.tr\/index.php?rest_route=\/wp\/v2\/posts\/45999\/revisions\/46001"}],"wp:featuredmedia":[{"embeddable":true,"href":"https:\/\/haberbesiktas.tr\/index.php?rest_route=\/wp\/v2\/media\/46000"}],"wp:attachment":[{"href":"https:\/\/haberbesiktas.tr\/index.php?rest_route=%2Fwp%2Fv2%2Fmedia&parent=45999"}],"wp:term":[{"taxonomy":"category","embeddable":true,"href":"https:\/\/haberbesiktas.tr\/index.php?rest_route=%2Fwp%2Fv2%2Fcategories&post=45999"},{"taxonomy":"post_tag","embeddable":true,"href":"https:\/\/haberbesiktas.tr\/index.php?rest_route=%2Fwp%2Fv2%2Ftags&post=45999"}],"curies":[{"name":"wp","href":"https:\/\/api.w.org\/{rel}","templated":true}]}}