{"id":4606,"date":"2025-01-19T03:00:00","date_gmt":"2025-01-19T03:00:00","guid":{"rendered":"https:\/\/haberbesiktas.tr\/?p=4606"},"modified":"2025-01-19T03:00:00","modified_gmt":"2025-01-19T03:00:00","slug":"cagdas-atandan-besiktas-aciklamasi","status":"publish","type":"post","link":"https:\/\/haberbesiktas.tr\/?p=4606","title":{"rendered":"\u00c7a\u011fda\u015f Atan&#8217;dan Be\u015fikta\u015f a\u00e7\u0131klamas\u0131!"},"content":{"rendered":"<div>Ba\u015fak\u015fehir Teknik Y\u00f6neticisi \u00c7a\u011fda\u015f Atan, Galatasaray ma\u00e7\u0131 sonras\u0131 Be\u015fikta\u015f i\u00e7in gelen soruya kar\u015f\u0131l\u0131k verdi.<\/p>\n<p> \u00c7a\u011fda\u015f Atan yapt\u0131\u011f\u0131 a\u00e7\u0131klamada, &#8220;Teknik adam olarak bug\u00fcne kadar oyun manas\u0131nda geli\u015fe geli\u015fe gittik. Tecr\u00fcbeleniyoruz. Kendimizi geli\u015ftiriyoruz. T\u00fcrk futboluna \u00e7ok oyuncu kazand\u0131rd\u0131m. Ben de rekabet etmek istiyorum. \u015eampiyonlu\u011fa oynamay\u0131 ben de istiyorum.&#8221; dedi.<\/p>\n<p> <strong>&#8220;H\u0130\u00c7B\u0130R TASARRUFUM YOK&#8221;<\/strong><\/p>\n<p> A\u00e7\u0131klamalar\u0131na devam eden Atan, &#8220;Do\u011fru yerde ve kul\u00fcpte oldu\u011fumu d\u00fc\u015f\u00fcn\u00fcyorum. Bana \u00e7ok g\u00fcvenen bir lider ve idare var. Di\u011fer bir kul\u00fcple (Be\u015fikta\u015f) ilgili hi\u00e7bir tasarrufum yok.&#8221; de\u011ferlendirmesinde bulundu.<\/p>\n<\/div>\n","protected":false},"excerpt":{"rendered":"<p>Ba\u015fak\u015fehir Teknik Y\u00f6neticisi \u00c7a\u011fda\u015f Atan, Galatasaray ma\u00e7\u0131 sonras\u0131 Be\u015fikta\u015f sorusuna kar\u015f\u0131l\u0131k verdi.<\/p>\n","protected":false},"author":1,"featured_media":4607,"comment_status":"open","ping_status":"open","sticky":false,"template":"","format":"standard","meta":{"footnotes":""},"categories":[25],"tags":[],"class_list":["post-4606","post","type-post","status-publish","format-standard","has-post-thumbnail","hentry","category-futbol"],"_links":{"self":[{"href":"https:\/\/haberbesiktas.tr\/index.php?rest_route=\/wp\/v2\/posts\/4606","targetHints":{"allow":["GET"]}}],"collection":[{"href":"https:\/\/haberbesiktas.tr\/index.php?rest_route=\/wp\/v2\/posts"}],"about":[{"href":"https:\/\/haberbesiktas.tr\/index.php?rest_route=\/wp\/v2\/types\/post"}],"author":[{"embeddable":true,"href":"https:\/\/haberbesiktas.tr\/index.php?rest_route=\/wp\/v2\/users\/1"}],"replies":[{"embeddable":true,"href":"https:\/\/haberbesiktas.tr\/index.php?rest_route=%2Fwp%2Fv2%2Fcomments&post=4606"}],"version-history":[{"count":1,"href":"https:\/\/haberbesiktas.tr\/index.php?rest_route=\/wp\/v2\/posts\/4606\/revisions"}],"predecessor-version":[{"id":4608,"href":"https:\/\/haberbesiktas.tr\/index.php?rest_route=\/wp\/v2\/posts\/4606\/revisions\/4608"}],"wp:featuredmedia":[{"embeddable":true,"href":"https:\/\/haberbesiktas.tr\/index.php?rest_route=\/wp\/v2\/media\/4607"}],"wp:attachment":[{"href":"https:\/\/haberbesiktas.tr\/index.php?rest_route=%2Fwp%2Fv2%2Fmedia&parent=4606"}],"wp:term":[{"taxonomy":"category","embeddable":true,"href":"https:\/\/haberbesiktas.tr\/index.php?rest_route=%2Fwp%2Fv2%2Fcategories&post=4606"},{"taxonomy":"post_tag","embeddable":true,"href":"https:\/\/haberbesiktas.tr\/index.php?rest_route=%2Fwp%2Fv2%2Ftags&post=4606"}],"curies":[{"name":"wp","href":"https:\/\/api.w.org\/{rel}","templated":true}]}}