{"id":46125,"date":"2025-09-09T23:20:07","date_gmt":"2025-09-09T23:20:07","guid":{"rendered":"https:\/\/haberbesiktas.tr\/?p=46125"},"modified":"2025-09-09T23:20:07","modified_gmt":"2025-09-09T23:20:07","slug":"8-eylul-pazartesi-toplu-tasima-ucretsiz-mi-bedava-mi-pazartesi-gunu-istanbulda-metro-marmaray-otobus-vapur-bedava-mi","status":"publish","type":"post","link":"https:\/\/haberbesiktas.tr\/?p=46125","title":{"rendered":"8 Eyl\u00fcl Pazartesi toplu ta\u015f\u0131ma \u00fccretsiz mi, bedava m\u0131? Pazartesi g\u00fcn\u00fc \u0130stanbul&#8217;da metro, Marmaray, otob\u00fcs, vapur bedava m\u0131?"},"content":{"rendered":"<div><span>8 Eyl\u00fcl Pazartesi g\u00fcn\u00fc toplu ta\u015f\u0131man\u0131n fiyats\u0131z olup olmad\u0131\u011f\u0131 ara\u015ft\u0131r\u0131l\u0131yor. \u0130stanbul&#8217;da e\u011fitim \u00f6\u011fretimin birinci g\u00fcn\u00fc saat 10-15 saatleri ortas\u0131nda olacak. Okul servislerinin trafikte kalmas\u0131n\u0131 engellemek gayesiyle toplu ta\u015f\u0131malar\u0131n \u00fccretsiz olup olmayaca\u011f\u0131na dair a\u00e7\u0131klama geldi. Pekala Eyl\u00fcl 2025 Pazartesi toplu ta\u015f\u0131ma fiyats\u0131z mi? Pazartesi otob\u00fcs, metrob\u00fcs, metro, tramvay \u00fccretsiz m\u0131? \u0130\u015fte yan\u0131t\u0131<\/span><\/p>\n<p><strong>8 EYL\u00dcL PAZARTES\u0130 TOPLU TA\u015eIMA F\u0130YATSIZ M\u0130?<\/strong><\/p>\n<p><span>\u0130BB&#8217;den yap\u0131lan a\u00e7\u0131klamaya nazaran, belediye taraf\u0131ndan 2025-2026 e\u011fitim \u00f6\u011fretim y\u0131l\u0131n\u0131n ba\u015flayacak olmas\u0131yla ilgili birtak\u0131m kararlar al\u0131nd\u0131. Bu kapsamda, okullar\u0131n a\u00e7\u0131laca\u011f\u0131 pazartesi g\u00fcn\u00fc 06.00 ila 16.00 saatlerinde \u0130BB&#8217;ye ba\u011fl\u0131 toplu ula\u015f\u0131m ara\u00e7lar\u0131 fiyats\u0131z hizmet verecek.<\/span><\/p>\n<p><span>Okullar\u0131n a\u00e7\u0131lmas\u0131 ve k\u0131\u015f sefer plan\u0131na ge\u00e7i\u015fle birlikte toplu ula\u015f\u0131mda sefer art\u0131\u015flar\u0131 ya\u015fanacak. Kentteki trafik yo\u011funlu\u011fun azalt\u0131lmas\u0131 i\u00e7in zab\u0131ta tak\u0131mlar\u0131, trafik kontrol\u00fc ve y\u00f6nlendirmesi yapacak.<\/span><\/p>\n<p><span>Okul servis ara\u00e7lar\u0131, \u0130SPARK&#8217;\u0131n 112 otopark\u0131n\u0131 birinci g\u00fcn fiyats\u0131z kullanabilecek. \u0130BB ayr\u0131yeten 6-7 Eyl\u00fcl&#8217;de Sara\u00e7hane&#8217;deki 50. Y\u0131l Park\u0131&#8217;nda \u00e7e\u015fitli etkinlikler d\u00fczenleyecek.<\/span><\/p>\n<p><strong>MARMARAY F\u0130YATSIZ M\u0130 OLACAK?<\/strong><\/p>\n<p><span>\u00d6te yandan Marmaray TCDD Nakliyat A.\u015e. taraf\u0131ndan i\u015fletilmektedir. \u0130BB&#8217;ye ba\u011fl\u0131 ge\u00e7erli ula\u015f\u0131m ara\u00e7lar\u0131, otob\u00fcs, metro, metrob\u00fcs, vapur, tramvay \u00fczere ara\u00e7lard\u0131r. Marmaray bu kapsama dahil de\u011fildir.<\/span><\/p>\n<p><span>Buna nazaran 8 Eyl\u00fcl&#8217;de Marmaray fiyatl\u0131 olacak.<\/span><\/p>\n<p><strong>PAZARTES\u0130 G\u00dcN\u00dc OKULLAR SAAT KA\u00c7TA A\u00c7ILACAK?<\/strong><\/p>\n<p><span>\u0130stanbul Valili\u011fi&#8217;nden yap\u0131lan yaz\u0131l\u0131 a\u00e7\u0131klamada, &#8220;E\u011fitim \u00f6\u011fretimin birinci g\u00fcn\u00fcnde servis ve okul g\u00fczergahlar\u0131n\u0131n tespiti nedeniyle trafikte ya\u015fanmas\u0131 olas\u0131 aksakl\u0131klar\u0131n \u00f6n\u00fcne ge\u00e7ilebilmesi i\u00e7in 08 Eyl\u00fcl Pazartesi g\u00fcn\u00fc vilayetimizde bulunan resmi- \u00f6zel ilkokul, ortaokul ve liselerde e\u011fitim \u00f6\u011fretimin 10.00- 15.00 saatleri ortas\u0131nda yap\u0131lmas\u0131na karar verilmi\u015ftir&#8221; s\u00f6zleri yer ald\u0131.<\/span><\/div>\n<div>Haber ile daha fazlas\u0131na ula\u015f\u0131n:<\/div>\n<div>G\u00fcndem<\/div>\n","protected":false},"excerpt":{"rendered":"<p>\u0130lkokul, ortaokul ve lise \u00f6\u011frencileri 8 Eyl\u00fcl Pazartesi g\u00fcn\u00fc okula ba\u015fl\u0131yor. Okullar\u0131n birinci g\u00fcn\u00fc 8 Eyl\u00fcl Pazartesi toplu ta\u015f\u0131ma kullanacak olan \u00f6\u011frenci ve veliler 8 Eyl\u00fcl Pazartesi metro, metrob\u00fcs, otob\u00fcs fiyats\u0131z mi merak ediyor. Yeni e\u011fitim \u00f6\u011fretim periyodunun birinci g\u00fcn\u00fc trafik kayg\u0131s\u0131 oldu\u011fu i\u00e7in \u0130stanbul&#8217;da okullar 10.00- 15.00 saatleri ortas\u0131nda a\u00e7\u0131k olacak. Pekala 8 Eyl\u00fcl Pazartesi toplu ta\u015f\u0131ma fiyats\u0131z mi? Pazartesi g\u00fcn\u00fc \u0130stanbul&#8217;da metro, Marmaray, otob\u00fcs, vapur \u00fccretsiz m\u0131?<\/p>\n","protected":false},"author":1,"featured_media":46126,"comment_status":"open","ping_status":"open","sticky":false,"template":"","format":"standard","meta":{"footnotes":""},"categories":[10],"tags":[2596,373,3535,3536,2878],"class_list":["post-46125","post","type-post","status-publish","format-standard","has-post-thumbnail","hentry","category-basketbol","tag-eylul","tag-okul","tag-pazartesi","tag-toplu","tag-ucretsiz"],"_links":{"self":[{"href":"https:\/\/haberbesiktas.tr\/index.php?rest_route=\/wp\/v2\/posts\/46125","targetHints":{"allow":["GET"]}}],"collection":[{"href":"https:\/\/haberbesiktas.tr\/index.php?rest_route=\/wp\/v2\/posts"}],"about":[{"href":"https:\/\/haberbesiktas.tr\/index.php?rest_route=\/wp\/v2\/types\/post"}],"author":[{"embeddable":true,"href":"https:\/\/haberbesiktas.tr\/index.php?rest_route=\/wp\/v2\/users\/1"}],"replies":[{"embeddable":true,"href":"https:\/\/haberbesiktas.tr\/index.php?rest_route=%2Fwp%2Fv2%2Fcomments&post=46125"}],"version-history":[{"count":1,"href":"https:\/\/haberbesiktas.tr\/index.php?rest_route=\/wp\/v2\/posts\/46125\/revisions"}],"predecessor-version":[{"id":46127,"href":"https:\/\/haberbesiktas.tr\/index.php?rest_route=\/wp\/v2\/posts\/46125\/revisions\/46127"}],"wp:featuredmedia":[{"embeddable":true,"href":"https:\/\/haberbesiktas.tr\/index.php?rest_route=\/wp\/v2\/media\/46126"}],"wp:attachment":[{"href":"https:\/\/haberbesiktas.tr\/index.php?rest_route=%2Fwp%2Fv2%2Fmedia&parent=46125"}],"wp:term":[{"taxonomy":"category","embeddable":true,"href":"https:\/\/haberbesiktas.tr\/index.php?rest_route=%2Fwp%2Fv2%2Fcategories&post=46125"},{"taxonomy":"post_tag","embeddable":true,"href":"https:\/\/haberbesiktas.tr\/index.php?rest_route=%2Fwp%2Fv2%2Ftags&post=46125"}],"curies":[{"name":"wp","href":"https:\/\/api.w.org\/{rel}","templated":true}]}}