{"id":46131,"date":"2025-09-09T23:44:06","date_gmt":"2025-09-09T23:44:06","guid":{"rendered":"https:\/\/haberbesiktas.tr\/?p=46131"},"modified":"2025-09-09T23:44:06","modified_gmt":"2025-09-09T23:44:06","slug":"ajax-galatasaray-maci-ne-zaman","status":"publish","type":"post","link":"https:\/\/haberbesiktas.tr\/?p=46131","title":{"rendered":"Ajax &#8211; Galatasaray Ma\u00e7\u0131 Ne Zaman?"},"content":{"rendered":"<div><span>Galatasaray, lig etab\u0131nda Liverpool, Manchester City (D), Atletico Madrid, Eintracht Frankfurt (D), Bodo\/Glimt, Ajax (D), Union Saint-Gilloise ve Monaco (D) ile u\u011fra\u015f edecek. Sar\u0131-k\u0131rm\u0131z\u0131l\u0131lar bu kapsamda Amsterdam deplasman\u0131nda Ajax&#8217;a konuk olacak.<\/span><\/p>\n<p><strong>AJAX &#8211; GALATASARAY MA\u00c7I NE ZAMAN?<\/strong><\/p>\n<p><span>UEFA, \u015eampiyonlar Ligi resmi fikst\u00fcr\u00fcn\u00fc \u015fimdi a\u00e7\u0131klamad\u0131. Fakat turnuvada birinci hafta ma\u00e7lar\u0131 16-18 Eyl\u00fcl 2025 tarihlerinde oynanacak. Ajax &#8211; Galatasaray m\u00fcsabakas\u0131n\u0131n da bu tarihler ortas\u0131nda yap\u0131lmas\u0131 bekleniyor. Ma\u00e7\u0131n kesin g\u00fcn\u00fc ve saati ise en ge\u00e7 30 A\u011fustos Cumartesi g\u00fcn\u00fc a\u00e7\u0131klanacak fikst\u00fcr ile netle\u015fecek.<\/span><\/p>\n<p><strong>\u015eAMP\u0130YONLAR L\u0130G\u0130 TAKV\u0130M\u0130<\/strong><\/p>\n<p><span>Hafta: 16-18 Eyl\u00fcl 2025<\/span><\/p>\n<p><span>Hafta: 30 Eyl\u00fcl-1 Ekim 2025<\/span><\/p>\n<p><span>Hafta: 21-22 Ekim 2025<\/span><\/p>\n<p><span>Hafta: 4-5 Kas\u0131m 2025<\/span><\/p>\n<p><span>Hafta: 25-26 Kas\u0131m 2025<\/span><\/p>\n<p><span>Hafta: 9-10 Aral\u0131k 2025<\/span><\/p>\n<p><span>Hafta: 20-21 Ocak 2026<\/span><\/p>\n<p><span>Hafta: 28 Ocak 2026<\/span><\/p>\n<p><span>Turnuvan\u0131n finali ise 30 May\u0131s 2026&#8217;da Budape\u015fte&#8217;de oynanacak.<\/span><\/div>\n<div>Haber ile daha fazlas\u0131na ula\u015f\u0131n:<\/div>\n<div>G\u00fcndem<\/div>\n","protected":false},"excerpt":{"rendered":"<p>UEFA \u015eampiyonlar Ligi, 2025-2026 d\u00f6neminde yepisyeni format\u0131yla futbolseverlerin kar\u015f\u0131s\u0131na \u00e7\u0131k\u0131yor. T\u00fcrkiye&#8217;yi temsil eden tek kadro olan Galatasaray, Avrupa&#8217;n\u0131n g\u00fc\u00e7l\u00fc tak\u0131mlar\u0131yla kar\u015f\u0131la\u015facak. Kura \u00e7ekiminin akabinde sar\u0131-k\u0131rm\u0131z\u0131l\u0131lar\u0131n rakipleri ortas\u0131nda Hollanda&#8217;n\u0131n k\u00f6kl\u00fc kul\u00fcb\u00fc Ajax da yer ald\u0131.<\/p>\n","protected":false},"author":1,"featured_media":46132,"comment_status":"open","ping_status":"open","sticky":false,"template":"","format":"standard","meta":{"footnotes":""},"categories":[10],"tags":[],"class_list":["post-46131","post","type-post","status-publish","format-standard","has-post-thumbnail","hentry","category-basketbol"],"_links":{"self":[{"href":"https:\/\/haberbesiktas.tr\/index.php?rest_route=\/wp\/v2\/posts\/46131","targetHints":{"allow":["GET"]}}],"collection":[{"href":"https:\/\/haberbesiktas.tr\/index.php?rest_route=\/wp\/v2\/posts"}],"about":[{"href":"https:\/\/haberbesiktas.tr\/index.php?rest_route=\/wp\/v2\/types\/post"}],"author":[{"embeddable":true,"href":"https:\/\/haberbesiktas.tr\/index.php?rest_route=\/wp\/v2\/users\/1"}],"replies":[{"embeddable":true,"href":"https:\/\/haberbesiktas.tr\/index.php?rest_route=%2Fwp%2Fv2%2Fcomments&post=46131"}],"version-history":[{"count":1,"href":"https:\/\/haberbesiktas.tr\/index.php?rest_route=\/wp\/v2\/posts\/46131\/revisions"}],"predecessor-version":[{"id":46133,"href":"https:\/\/haberbesiktas.tr\/index.php?rest_route=\/wp\/v2\/posts\/46131\/revisions\/46133"}],"wp:featuredmedia":[{"embeddable":true,"href":"https:\/\/haberbesiktas.tr\/index.php?rest_route=\/wp\/v2\/media\/46132"}],"wp:attachment":[{"href":"https:\/\/haberbesiktas.tr\/index.php?rest_route=%2Fwp%2Fv2%2Fmedia&parent=46131"}],"wp:term":[{"taxonomy":"category","embeddable":true,"href":"https:\/\/haberbesiktas.tr\/index.php?rest_route=%2Fwp%2Fv2%2Fcategories&post=46131"},{"taxonomy":"post_tag","embeddable":true,"href":"https:\/\/haberbesiktas.tr\/index.php?rest_route=%2Fwp%2Fv2%2Ftags&post=46131"}],"curies":[{"name":"wp","href":"https:\/\/api.w.org\/{rel}","templated":true}]}}