{"id":46143,"date":"2025-09-10T00:32:06","date_gmt":"2025-09-10T00:32:06","guid":{"rendered":"https:\/\/haberbesiktas.tr\/?p=46143"},"modified":"2025-09-10T00:32:06","modified_gmt":"2025-09-10T00:32:06","slug":"cadilar-bayrami-ne-zaman-2025-turkiye-hallowen-ne-zaman","status":"publish","type":"post","link":"https:\/\/haberbesiktas.tr\/?p=46143","title":{"rendered":"Cad\u0131lar Bayram\u0131 ne zaman? 2025 T\u00fcrkiye Hallowen ne zaman?"},"content":{"rendered":"<div>Cad\u0131lar Bayram\u0131 ya da bir ba\u015fka ismiyle &#8216;Hallowen&#8217; \u00fclkemizde de son y\u0131llarda kost\u00fcm partisi olarak kutlan\u0131yor. Birebir vakitte farkl\u0131 makyajlarla d\u00fczenlenen etkinlikler e\u011flenceli imgelere sahne oluyor. Pekala, Cad\u0131lar Bayram\u0131 (Hallowen) ne vakit ba\u015fl\u0131yor, ne vakit bitiyor, hangi dine ili\u015fkin?\u00a02025 Hallowen (Cad\u0131lar Bayram\u0131) tarihi ve k\u0131ssas\u0131&#8230;<br \/> <strong>CADILAR BAYRAMI NE VAK\u0130T 2025?<\/strong><\/p>\n<p>Cad\u0131lar Bayram\u0131, her sene 31 Ekim&#8217;de kutlan\u0131yor. Ba\u015flang\u0131\u00e7 y\u0131l\u0131 tam olarak bilinmese de kutlamalar\u0131n yap\u0131ld\u0131\u011f\u0131 31 Ekim tarihi g\u00fcn\u00fcm\u00fcze kadar hi\u00e7 de\u011fi\u015fmeden gelmeyi ba\u015farm\u0131\u015ft\u0131r.<br \/> 31 Ekim, hasat mevsiminin bitti\u011fi g\u00fcn olarak bilinir ve tek ge\u00e7im kayna\u011f\u0131 toprak olan devir insanlar\u0131 i\u00e7in ya\u015famaya devam edebilecek olman\u0131n garantisi \u00fczeredir.<\/p>\n<p><strong>CADILAR BAYRAMI TAR\u0130H\u00c7ES\u0130<\/strong><\/p>\n<p> Pek \u00e7ok Avrupa medeniyetinin ge\u00e7mi\u015fini olu\u015fturan Keltler vaktinde en de\u011ferli pagan kutlamalar\u0131ndan birinin Samhain yahut bir ba\u015fka ismiyle \u00d6l\u00fclerin Bayram\u0131 oldu\u011fu d\u00fc\u015f\u00fcn\u00fcl\u00fcyor.<\/p>\n<p> Sonbahar ekinoksu ile k\u0131\u015f g\u00fcnd\u00f6n\u00fcm\u00fc ortas\u0131nda yap\u0131lan bu kutlama, hasat mevsiminin sonunu ve k\u0131\u015f mevsiminin ba\u015flang\u0131c\u0131n\u0131 ya da y\u0131l\u0131n &#8220;karanl\u0131k yar\u0131s\u0131n\u0131&#8221; sembolize ediyordu.<\/p>\n<p> Samhain, Galce&#8217;de &#8220;yaz sonu&#8221; manas\u0131na geliyor.<\/p>\n<p> Keltler, kutlaman\u0131n yap\u0131ld\u0131\u011f\u0131 bu g\u00fcnde hayaletlerin d\u00fcnyaya geri d\u00f6nd\u00fc\u011f\u00fcne inan\u0131yordu.<\/p>\n<p> O periyotta insanlar\u0131n kost\u00fcmler giyerek mak\u00fbs hayaletleri ve ruhlar\u0131 uzakla\u015ft\u0131rmak i\u00e7in dev \u015fenlik ate\u015fleri yakt\u0131\u011f\u0131na ve hayvanlar\u0131 kurban etti\u011fine inan\u0131l\u0131yor.<\/p>\n<p> Keltlerin t\u0131pk\u0131 vakitte hasatlar\u0131n\u0131 korumak i\u00e7in sofralar\u0131nda d\u00fczg\u00fcn ruhlar i\u00e7in yer a\u00e7t\u0131\u011f\u0131 aktar\u0131l\u0131yor.<\/p>\n<p> 8. y\u00fczy\u0131lda Papa Gregory III, Samhain&#8217;dan bir g\u00fcn sonraki 1 Kas\u0131m&#8217;\u0131 sevgilileri ve \u015fehitleri onurland\u0131rmak i\u00e7in \u00f6zel bir g\u00fcn ilan etti.<\/p>\n<p> Bu g\u00fcn\u00fcm\u00fczde Sevgililer G\u00fcn\u00fc olarak biliniyor.<\/p>\n<p> Papa Gregory, o periyotta Paganlar ile bar\u0131\u015f\u0131 korumak i\u00e7in Sevgililer G\u00fcn\u00fc&#8217;n\u00fcn Samhain geleneklerinden kimilerini i\u00e7ermesini istedi.<\/p>\n<p> Samhain Bayram\u0131 daha sonra Halloween&#8217;e (Cad\u0131lar Bayram\u0131) d\u00f6n\u00fc\u015ft\u00fc.<\/p>\n<p> Halloween asl\u0131nda Sevgililer G\u00fcn\u00fc&#8217;n\u00fcn arifesi manas\u0131na geliyor.<\/p>\n<p> Avrupa&#8217;da ba\u015flayan bu gelenek Amerika k\u0131tas\u0131na da s\u0131\u00e7rad\u0131.<\/p>\n<p> \u0130rlanda&#8217;da 1846 y\u0131l\u0131nda ya\u015fanan patates k\u0131tl\u0131\u011f\u0131, \u00e7ok say\u0131da \u0130rlandal\u0131n\u0131n Amerika&#8217;ya g\u00f6\u00e7 etmesine neden oldu.<\/p>\n<p> Bu be\u015ferlerle bir arada Cad\u0131lar Bayram\u0131 da d\u00fcnyada yay\u0131lmaya ba\u015flad\u0131.<\/p>\n<p> Be\u015ferler kom\u015fular\u0131n\u0131n kap\u0131lar\u0131n\u0131 \u00e7alar ve onlardan bir \u015fiir yahut m\u00fczik kar\u015f\u0131l\u0131\u011f\u0131nda yemek isterdi.<\/p>\n<p> Kap\u0131 \u00e7alanlar kendilerini korumak i\u00e7in korkutucu k\u0131yafetler giyer ve mak\u00fbs ruhlar\u0131 taklit ederdi.<\/p>\n<p> Bu gelenek g\u00fcn\u00fcm\u00fczde \u00e7ocuklar\u0131n kost\u00fcm giyip kap\u0131 \u00e7alarak kom\u015fular\u0131ndan \u015feker istemesiyle devam ediyor.<\/p>\n<p> <strong>CADILAR BAYRAMI HANG\u0130 D\u0130NE \u0130L\u0130\u015eK\u0130N?<\/strong><\/p>\n<p>Cad\u0131lar Bayram\u0131, \u00f6ncelikle Pagan ve sonras\u0131nda Hristiyan k\u00f6kleri olmas\u0131na kar\u015f\u0131n g\u00fcn\u00fcm\u00fczde sek\u00fcler bir kutlama halini alm\u0131\u015ft\u0131r.<\/p>\n<p> Cad\u0131lar Bayram\u0131, en \u00f6nemli Kuzey Amerika ve Britanya Adalar\u0131&#8217;nda yer alan \u00fclke ve b\u00f6lgelerde kutlan\u0131r. Bu b\u00f6lgelerde \u00e7ok b\u00fcy\u00fck ve g\u00f6rkemli bir \u015fenlik olan Cad\u0131lar Bayram\u0131 kutlamalar\u0131, Amerikan k\u00fclt\u00fcr\u00fcn\u00fcn tesiriyle Avrupa ve Okyanusya&#8217;da yer alan \u00f6teki Bat\u0131l\u0131 \u00fclkelerin yan\u0131 s\u0131ra Japonya, Filipinler ve Latin Amerika&#8217;da da yayg\u0131nla\u015fmaktad\u0131r.<\/p>\n<p> <strong>CADILAR BAYRAMI H\u0130KAYES\u0130<\/strong><\/p>\n<p>Cad\u0131lar Bayram\u0131&#8217;n\u0131n k\u00f6keni antik Britanya&#8217;da pagan Keltlerin kutlad\u0131\u011f\u0131 Samhain Festivali&#8217;dir. Keltler 1 Kas\u0131m&#8217;\u0131 yaz\u0131n biti\u015fi, k\u0131\u015f\u0131n ba\u015flang\u0131c\u0131 kabul ediyorlard\u0131. Samhain s\u00f6z\u00fcn\u00fcn k\u00f6keni Eski \u0130rlandaca sam (yaz) ve fuin (son) s\u00f6zc\u00fcklerine dayan\u0131r. Bu tarihte s\u00fcr\u00fcler yaylalardan d\u00f6n\u00fcyor, toprak a\u011falar\u0131 ile \u00e7ift\u00e7iler ortas\u0131ndaki arazi kira mukaveleleri yenileniyordu.<\/p>\n<p> Yaz sonu Keltlerde t\u0131pk\u0131 vakitte evliliklerin ger\u00e7ekle\u015fti\u011fi, \u00f6l\u00fclerin kutsand\u0131\u011f\u0131 ilah\u00ee bir periyottu. Bu g\u00fcnde, \u00f6l\u00fclerin ruhlar\u0131n\u0131n ge\u00e7mi\u015fte ya\u015fad\u0131klar\u0131 meskenleri ziyaret etti\u011fine inan\u0131l\u0131yordu. Zirvelerin \u00fczerinde, evlerdeki ocaklar\u0131 tutu\u015fturmak ve t\u0131pk\u0131 vakitte berbat ruhlar\u0131 uzak tutmak i\u00e7in b\u00fcy\u00fck ate\u015fler yak\u0131l\u0131yordu. Be\u015ferler, ortal\u0131kta dola\u015ft\u0131\u011f\u0131na inand\u0131klar\u0131 ruhlara tan\u0131nmamak i\u00e7in maskeler tak\u0131yor, kost\u00fcmler giyiyorlard\u0131. Bu gelenekler nedeniyle Samhain \u015fenli\u011fi vakitle cad\u0131lar ile \u00f6zde\u015fle\u015fti.<\/p>\n<p> 7. y\u00fczy\u0131lda Papa IV. Boniface 13 May\u0131s&#8217;ta kutlanan Sevgililer G\u00fcn\u00fc&#8217;n\u00fc (muhtemelen pagan \u015fenli\u011finin yerini almas\u0131 i\u00e7in) 1 Kas\u0131m&#8217;a ta\u015f\u0131d\u0131. Sevgililer G\u00fcn\u00fc&#8217;n\u00fcn arifesi (31 Ekim) kutsal kabul edildi ve Bat\u0131l\u0131 lisanlardaki Halloween ismi buradan geldi.<\/p>\n<p> <strong>CADILAR BAYRAMI KUTLAMALARI<\/strong><\/p>\n<p>Cad\u0131lar Bayram\u0131&#8217;n\u0131n sembol\u00fc g\u00fclen bir bal kaba\u011f\u0131d\u0131r. Bal kaba\u011f\u0131n\u0131n i\u00e7i bo\u015falt\u0131larak g\u00fclen bir h\u0131z bi\u00e7iminde oyulduktan sonra i\u00e7inde bir mum yak\u0131larak \u015feytani bir h\u0131z olu\u015fturulmaya \u00e7al\u0131\u015f\u0131l\u0131r. Fakat eski vakitlerde kabak yerine \u015falgamlar\u0131n oyuldu\u011fu bilinmektedir.<\/p>\n<p> En yayg\u0131n olarak t\u00fcketilen \u015fekerleme, elma \u015fekeridir. \u00c7ocuklar m\u00fcthi\u015f k\u0131yafetler giyerek kap\u0131 kap\u0131 gezerler ve mesken sahiplerine &#8220;\u015eaka m\u0131, \u015feker mi?&#8221; diye sorarlar. Konut sahibi &#8220;\u015eaka!&#8221; derse \u00e7e\u015fitli muziplikler yaparlar. B\u00fcy\u00fckler \u00e7ocuklara \u015fekerleme ikram ederler yahut har\u00e7l\u0131k verirler. Bu uygulaman\u0131n k\u00f6keni ge\u00e7mi\u015fte Britanya&#8217;da fakirlerin kap\u0131 kap\u0131 dola\u015farak &#8220;ruh keki&#8221; toplamas\u0131 gelene\u011fidir.<\/p>\n<p> Yeti\u015fkinler, 31 Ekim&#8217;e en yak\u0131n hafta sonunda k\u0131yafet balolar\u0131 d\u00fczenlerler. Bu partilerde konuklar cad\u0131, hayalet yahut endi\u015fe sinemas\u0131 karakteri \u00fczere fec\u00ee kost\u00fcmler giyerler.<\/p>\n<p> Muhafazak\u00e2r Hristiyanlar, bilhassa tutucu Protestanlar, genelde Cad\u0131lar Bayram\u0131&#8217;n\u0131 kutlamazlar ve yanl\u0131\u015f bulurlar.<\/p>\n<\/div>\n<div>Haber ile daha fazlas\u0131na ula\u015f\u0131n:<\/div>\n<div>Hallowen <\/div>\n<div>G\u00fcndem<\/div>\n","protected":false},"excerpt":{"rendered":"<p>Cad\u0131lar Bayram\u0131 ne vakit? 2025 Hallowen ne vakit? Cad\u0131lar Bayram\u0131 her y\u0131l ekim ay\u0131nda kutlanan farkl\u0131 kost\u00fcmlerin giyildi\u011fi \u00e7ocuklara \u015fakalar\u0131n yap\u0131ld\u0131\u011f\u0131 ve \u015fekerlerin verildi\u011fi bir bayram olarak biliniyor. Pekala, Cad\u0131lar Bayram\u0131 ne vakit ba\u015fl\u0131yor, bitiyor? 2025 T\u00fcrkiye Hallowen ne vakit?<\/p>\n","protected":false},"author":1,"featured_media":46144,"comment_status":"open","ping_status":"open","sticky":false,"template":"","format":"standard","meta":{"footnotes":""},"categories":[10],"tags":[3537,107,2545,3538,54],"class_list":["post-46143","post","type-post","status-publish","format-standard","has-post-thumbnail","hentry","category-basketbol","tag-cadilar-bayrami","tag-gun","tag-kapi","tag-kutlama","tag-zaman"],"_links":{"self":[{"href":"https:\/\/haberbesiktas.tr\/index.php?rest_route=\/wp\/v2\/posts\/46143","targetHints":{"allow":["GET"]}}],"collection":[{"href":"https:\/\/haberbesiktas.tr\/index.php?rest_route=\/wp\/v2\/posts"}],"about":[{"href":"https:\/\/haberbesiktas.tr\/index.php?rest_route=\/wp\/v2\/types\/post"}],"author":[{"embeddable":true,"href":"https:\/\/haberbesiktas.tr\/index.php?rest_route=\/wp\/v2\/users\/1"}],"replies":[{"embeddable":true,"href":"https:\/\/haberbesiktas.tr\/index.php?rest_route=%2Fwp%2Fv2%2Fcomments&post=46143"}],"version-history":[{"count":1,"href":"https:\/\/haberbesiktas.tr\/index.php?rest_route=\/wp\/v2\/posts\/46143\/revisions"}],"predecessor-version":[{"id":46145,"href":"https:\/\/haberbesiktas.tr\/index.php?rest_route=\/wp\/v2\/posts\/46143\/revisions\/46145"}],"wp:featuredmedia":[{"embeddable":true,"href":"https:\/\/haberbesiktas.tr\/index.php?rest_route=\/wp\/v2\/media\/46144"}],"wp:attachment":[{"href":"https:\/\/haberbesiktas.tr\/index.php?rest_route=%2Fwp%2Fv2%2Fmedia&parent=46143"}],"wp:term":[{"taxonomy":"category","embeddable":true,"href":"https:\/\/haberbesiktas.tr\/index.php?rest_route=%2Fwp%2Fv2%2Fcategories&post=46143"},{"taxonomy":"post_tag","embeddable":true,"href":"https:\/\/haberbesiktas.tr\/index.php?rest_route=%2Fwp%2Fv2%2Ftags&post=46143"}],"curies":[{"name":"wp","href":"https:\/\/api.w.org\/{rel}","templated":true}]}}