{"id":4621,"date":"2025-01-19T03:59:59","date_gmt":"2025-01-19T03:59:59","guid":{"rendered":"https:\/\/haberbesiktas.tr\/?p=4621"},"modified":"2025-01-19T03:59:59","modified_gmt":"2025-01-19T03:59:59","slug":"murat-uckun-malatyasporun-artik-beyin-olumu-gerceklesmis","status":"publish","type":"post","link":"https:\/\/haberbesiktas.tr\/?p=4621","title":{"rendered":"Murat U\u00e7kun: &#8220;Malatyaspor&#8217;un art\u0131k beyin \u00f6l\u00fcm\u00fc ger\u00e7ekle\u015fmi\u015f&#8221;"},"content":{"rendered":"<div>Trendyol 1. Lig&#8217;in 19. haftas\u0131nda Gen\u00e7lerbirli\u011fi&#8217;ne 3-0 yenilen lig sonuncusu Yeni Malatyaspor&#8217;un teknik sorumlusu Murat U\u00e7kun, <strong>&#8220;Yeni Malatyaspor Kul\u00fcb\u00fcn\u00fcn art\u0131k beyin mevti ger\u00e7ekle\u015fmi\u015f, birinin fi\u015fi \u00e7ekmesi gerekiyor.&#8221;<\/strong> dedi.<\/p>\n<p> Eryaman Stad\u0131&#8217;nda oynanan m\u00fcsabakan\u0131n akabinde d\u00fczenlenen bas\u0131n toplant\u0131s\u0131nda konu\u015fan U\u00e7kun,<strong> &#8220;Cuma g\u00fcn\u00fc kul\u00fcp liderimiz istifa etti. Trib\u00fcnde yaz\u0131lan bir yaz\u0131 var, &#8216;Sahipsiz Malatya&#8217;. Grubu buraya kendi ortam\u0131zda toplad\u0131\u011f\u0131m\u0131z parayla getirdik. Buradan \u015funu g\u00f6r\u00fcyoruz; Yeni Malatyaspor Kul\u00fcb\u00fcn\u00fcn art\u0131k beyin vefat\u0131 ger\u00e7ekle\u015fmi\u015f, birinin fi\u015fi \u00e7ekmesi gerekiyor.&#8221;<\/strong> s\u00f6zlerini kulland\u0131.<\/p>\n<p> U\u00e7kun, FIFA taraf\u0131ndan verilen puan silme cezas\u0131 sonras\u0131 -21 puanla ligin son s\u0131ras\u0131nda yer alan ekibin oyuncular\u0131n\u0131 motive etmekte zorland\u0131\u011f\u0131n\u0131 lisana getirerek, <strong>&#8220;Art\u0131k ma\u00e7a da sirayet ediyor. \u00c7ocuklar birtak\u0131m \u015feyleri kald\u0131ramad\u0131klar\u0131 i\u00e7in gereksiz yere k\u0131rm\u0131z\u0131 kart g\u00f6r\u00fcyor. Bu ma\u00e7ta da kolay kusurlardan \u00f6t\u00fcr\u00fc 2 tane g\u00f6rd\u00fck. Bu psikoloji alt\u0131nda devam edebilecek durumda olmad\u0131klar\u0131n\u0131 futbolcular g\u00f6steriyor. Malatya&#8217;da m\u00fclki amirler art\u0131k bu fi\u015fi \u00e7eksin. Bu i\u015f sonlans\u0131n. Futbolcular ismine yaln\u0131zca bunu istiyoruz.&#8221;<\/strong> yorumunu yapt\u0131.<\/p>\n<\/div>\n","protected":false},"excerpt":{"rendered":"<p>Yeni Malatyaspor Teknik Sorumlusu Murat U\u00e7kun, Gen\u00e7lerbirli\u011fi&#8217;ne 3-0 ma\u011flup olduklar\u0131 ma\u00e7\u0131n akabinde a\u00e7\u0131klamalarda bulundu.<\/p>\n","protected":false},"author":1,"featured_media":4622,"comment_status":"open","ping_status":"open","sticky":false,"template":"","format":"standard","meta":{"footnotes":""},"categories":[25],"tags":[],"class_list":["post-4621","post","type-post","status-publish","format-standard","has-post-thumbnail","hentry","category-futbol"],"_links":{"self":[{"href":"https:\/\/haberbesiktas.tr\/index.php?rest_route=\/wp\/v2\/posts\/4621","targetHints":{"allow":["GET"]}}],"collection":[{"href":"https:\/\/haberbesiktas.tr\/index.php?rest_route=\/wp\/v2\/posts"}],"about":[{"href":"https:\/\/haberbesiktas.tr\/index.php?rest_route=\/wp\/v2\/types\/post"}],"author":[{"embeddable":true,"href":"https:\/\/haberbesiktas.tr\/index.php?rest_route=\/wp\/v2\/users\/1"}],"replies":[{"embeddable":true,"href":"https:\/\/haberbesiktas.tr\/index.php?rest_route=%2Fwp%2Fv2%2Fcomments&post=4621"}],"version-history":[{"count":1,"href":"https:\/\/haberbesiktas.tr\/index.php?rest_route=\/wp\/v2\/posts\/4621\/revisions"}],"predecessor-version":[{"id":4623,"href":"https:\/\/haberbesiktas.tr\/index.php?rest_route=\/wp\/v2\/posts\/4621\/revisions\/4623"}],"wp:featuredmedia":[{"embeddable":true,"href":"https:\/\/haberbesiktas.tr\/index.php?rest_route=\/wp\/v2\/media\/4622"}],"wp:attachment":[{"href":"https:\/\/haberbesiktas.tr\/index.php?rest_route=%2Fwp%2Fv2%2Fmedia&parent=4621"}],"wp:term":[{"taxonomy":"category","embeddable":true,"href":"https:\/\/haberbesiktas.tr\/index.php?rest_route=%2Fwp%2Fv2%2Fcategories&post=4621"},{"taxonomy":"post_tag","embeddable":true,"href":"https:\/\/haberbesiktas.tr\/index.php?rest_route=%2Fwp%2Fv2%2Ftags&post=4621"}],"curies":[{"name":"wp","href":"https:\/\/api.w.org\/{rel}","templated":true}]}}