{"id":4624,"date":"2025-01-19T04:11:58","date_gmt":"2025-01-19T04:11:58","guid":{"rendered":"https:\/\/haberbesiktas.tr\/?p=4624"},"modified":"2025-01-19T04:11:58","modified_gmt":"2025-01-19T04:11:58","slug":"burak-kizilhandan-metin-ozturke-yanit-galatasaraya-tepki","status":"publish","type":"post","link":"https:\/\/haberbesiktas.tr\/?p=4624","title":{"rendered":"Burak K\u0131z\u0131lhan&#8217;dan Metin \u00d6zt\u00fcrk&#8217;e yan\u0131t, Galatasaray&#8217;a tepki"},"content":{"rendered":"<div>Fenerbah\u00e7e Genel Sekreteri Burak K\u0131z\u0131lhan, Galatasaray \u0130kinci Ba\u015fkan\u0131 Metin \u00d6zt\u00fcrk&#8217;\u00fcn a\u00e7\u0131klamalar\u0131nda yan\u0131t verdi.<\/p>\n<p> <strong>&#8220;MET\u0130N \u00d6ZT\u00dcRK HADD\u0130N\u0130 A\u015eTI!&#8221;<\/strong><\/p>\n<p> Sar\u0131-lacivertli y\u00f6netici Burak K\u0131z\u0131lhan, TV100&#8217;e yapt\u0131\u011f\u0131 yaz\u0131l\u0131 a\u00e7\u0131klamada &#8220;<strong>Metin \u00d6zt\u00fcrk isimli \u015fah\u0131s haddini a\u015fan telaffuzlarda bulundu. Fenerbah\u00e7e&#8217;nin ismini anm\u0131yor lakin kameralar kar\u015f\u0131s\u0131nda Fenerbah\u00e7e ismiyle varl\u0131\u011f\u0131n\u0131 kan\u0131tlamaya \u00e7al\u0131\u015f\u0131yor. Dikkat ederseniz &#8216;Saha i\u00e7erisinde kalaca\u011f\u0131z&#8217; diyerek ba\u015flad\u0131\u011f\u0131 konu\u015fmalar\u0131n %80&#8217;i saha d\u0131\u015f\u0131. D\u00fczeysiz espriler yapacak kadar haddini a\u015ft\u0131. Buradaki proje a\u015fik\u00e2r. Hatas\u0131 \u00f6rtbas etmek. Bu \u015fah\u0131s haftalard\u0131r kendi ma\u00e7lar\u0131ndaki skandallar\u0131 g\u00f6rmeden rakip durumlar\u0131 kendince g\u00fcndeme getirmeye \u00e7al\u0131\u015farak c\u00fcrm\u00fc \u00f6rtbas ediyor. \u00d6zetle tek maksat ma\u00e7lar\u0131nda ya\u015fananlar\u0131 g\u00f6lgelemek<\/strong>.&#8221; tabirlerini kulland\u0131.<\/p>\n<p> <strong>&#8220;BU D\u00d6NEM\u0130N PAKET\u0130 TFF \u0130ST\u0130FA!&#8221;<\/strong><\/p>\n<p> A\u00e7\u0131klaman\u0131n devam\u0131nda &#8220;<strong>Hadsiz s\u00f6ylemlerinde Konyaspor ma\u00e7\u0131na dikkat \u00e7ekerek, akl\u0131nca hakemleri bask\u0131 alt\u0131na almaya \u00e7al\u0131\u015f\u0131yor. Trabzonspor, Be\u015fikta\u015f, G\u00f6ztepe, Ba\u015fak\u015fehir kul\u00fcpleri, Galatasaray ma\u00e7lar\u0131ndan sonra isyan etti. Galatasaray her f\u0131rsatta istifa rol\u00fc oynuyor. \u0130stifa rol\u00fc oynay\u0131p, hakemlerden ve MHK&#8217;den istedi\u011fi al\u0131p, ma\u00e7lar\u0131n\u0131 sonuca ba\u011fl\u0131yor. Bu d\u00f6nemin paketi &#8216;TFF istifa.&#8217; Bu d\u00f6nemin ger\u00e7e\u011fi ise istedi\u011fini alma, rakipleri do\u011frama! Hakemler her ma\u00e7a, m\u00fcdafaa, kollama, kay\u0131rma, lehe kararlar\u0131 kolay verme, aleyhe kararlar\u0131 g\u00f6rmezden gelme, kazans\u0131n diye ne gerekiyorsa yapma durumunda\u2026<\/strong>&#8221; denildi.<\/p>\n<p> <strong>&#8220;HANG\u0130 RAK\u0130P BU GRUBA KAR\u015eI&#8230;&#8221;<\/strong><\/p>\n<p> Bir\u00e7ok kadronun Galatasaray ma\u00e7lar\u0131ndan sonra isyan etti\u011fini s\u00f6yleyen Burak K\u0131z\u0131lhan &#8220;<strong>Kul\u00fcp olarak bu ak\u015fam yapt\u0131\u011f\u0131m\u0131z a\u00e7\u0131klamada da s\u00f6yledik: &#8220;Galatasaray&#8217;a arma\u011fan edilen ma\u00e7&#8221; dedik. Hakemler taraf\u0131ndan bu t\u00fcrl\u00fc korunan, kollanan bir gruba kar\u015f\u0131, deplasmanda, i\u00e7 alanda hangi rakibin galip gelme talihi kal\u0131r? Hangi rakip bu ekibe kar\u015f\u0131 varl\u0131k g\u00f6sterebilir?<\/strong>&#8221; dedi.<\/p>\n<p> <strong>&#8220;SORUMLULAR \u0130ZLEMES\u0130N, M\u00dcDAHALE ETS\u0130N!&#8221;<\/strong><\/p>\n<p> Yetkililere davette bulunan Burak K\u0131z\u0131lhan &#8220;<strong>Bak\u0131n, G\u00f6ztepe isyan etti, Trabzon isyan etti, Be\u015fikta\u015f isyan etti, Ba\u015fak\u015fehir ikinci ma\u00e7ta ikinci defa isyan etti! Haftalar ge\u00e7iyor, ma\u00e7lar oynan\u0131yor, topluluklar aya\u011fa kalk\u0131yor. Lakin o denli kilit bir sistem ki kurduklar\u0131, her ma\u00e7 istediklerini elde etmeye devam ediyorlar! Buradan bir defa daha sesleniyoruz: Sorumlular izlemesin, m\u00fcdahale etsin!<\/strong>&#8221; tabirlerini kulland\u0131.<\/p>\n<\/div>\n","protected":false},"excerpt":{"rendered":"<p>Fenerbah\u00e7e Genel Sekreteri Burak K\u0131z\u0131lhan, Galatasaray \u0130kinci Ba\u015fkan\u0131 Metin \u00d6zt\u00fcrk&#8217;e cevap verdi ve sar\u0131-k\u0131rm\u0131z\u0131l\u0131 kadroyla ilgili yetkililere davette bulundu.<\/p>\n","protected":false},"author":1,"featured_media":4625,"comment_status":"open","ping_status":"open","sticky":false,"template":"","format":"standard","meta":{"footnotes":""},"categories":[25],"tags":[129,635,50,634],"class_list":["post-4624","post","type-post","status-publish","format-standard","has-post-thumbnail","hentry","category-futbol","tag-galatasaray","tag-isyan","tag-mac","tag-maclar"],"_links":{"self":[{"href":"https:\/\/haberbesiktas.tr\/index.php?rest_route=\/wp\/v2\/posts\/4624","targetHints":{"allow":["GET"]}}],"collection":[{"href":"https:\/\/haberbesiktas.tr\/index.php?rest_route=\/wp\/v2\/posts"}],"about":[{"href":"https:\/\/haberbesiktas.tr\/index.php?rest_route=\/wp\/v2\/types\/post"}],"author":[{"embeddable":true,"href":"https:\/\/haberbesiktas.tr\/index.php?rest_route=\/wp\/v2\/users\/1"}],"replies":[{"embeddable":true,"href":"https:\/\/haberbesiktas.tr\/index.php?rest_route=%2Fwp%2Fv2%2Fcomments&post=4624"}],"version-history":[{"count":1,"href":"https:\/\/haberbesiktas.tr\/index.php?rest_route=\/wp\/v2\/posts\/4624\/revisions"}],"predecessor-version":[{"id":4626,"href":"https:\/\/haberbesiktas.tr\/index.php?rest_route=\/wp\/v2\/posts\/4624\/revisions\/4626"}],"wp:featuredmedia":[{"embeddable":true,"href":"https:\/\/haberbesiktas.tr\/index.php?rest_route=\/wp\/v2\/media\/4625"}],"wp:attachment":[{"href":"https:\/\/haberbesiktas.tr\/index.php?rest_route=%2Fwp%2Fv2%2Fmedia&parent=4624"}],"wp:term":[{"taxonomy":"category","embeddable":true,"href":"https:\/\/haberbesiktas.tr\/index.php?rest_route=%2Fwp%2Fv2%2Fcategories&post=4624"},{"taxonomy":"post_tag","embeddable":true,"href":"https:\/\/haberbesiktas.tr\/index.php?rest_route=%2Fwp%2Fv2%2Ftags&post=4624"}],"curies":[{"name":"wp","href":"https:\/\/api.w.org\/{rel}","templated":true}]}}