{"id":4636,"date":"2025-01-19T05:11:58","date_gmt":"2025-01-19T05:11:58","guid":{"rendered":"https:\/\/haberbesiktas.tr\/?p=4636"},"modified":"2025-01-19T05:11:58","modified_gmt":"2025-01-19T05:11:58","slug":"chelsea-gozden-cikardi-fenerbahce-talip-oldu","status":"publish","type":"post","link":"https:\/\/haberbesiktas.tr\/?p=4636","title":{"rendered":"Chelsea g\u00f6zden \u00e7\u0131kard\u0131, Fenerbah\u00e7e talip oldu!"},"content":{"rendered":"<div>\u0130ki stoper birden transfer etmek isteyen Fenerbah\u00e7e&#8217;nin listesi kalabal\u0131k. \u0130dare, bir\u00e7ok aday belirledi ve i\u00e7lerinden en yeterli ikisini tak\u0131ma katmay\u0131 planl\u0131yor. Listeye yeni isimler de ekleniyor.<\/p>\n<p> <strong>CHELSEA G\u00d6ZDEN \u00c7IKARDI<\/strong><\/p>\n<p> Son olarak Chelsea&#8217;nin orta transfer devrinde yollar\u0131 ay\u0131rmak istedi\u011fi Axel Disasi&#8217;nin menajer teklifiyle Sar\u0131-Lacivertliler&#8217;in g\u00fcndemine girdi\u011fi kaydedildi. Frans\u0131z stoper Juventus&#8217;un da radar\u0131nda fakat son adaylardan biri.<\/p>\n<p> Disasi&#8217;nin \u00f6n plana \u00e7\u0131kan \u00f6zelli\u011fi 1.91 m.&#8217;lik uzunlu\u011funa kar\u015f\u0131n atletik \u00f6zelliklerinin y\u00fcksek olmas\u0131 ve hem Monaco hem de Chelsea&#8217;de y\u0131llarca 3&#8217;l\u00fc savunmada misyon yapmas\u0131.<\/p>\n<p> <strong>BONSERV\u0130S\u0130 UYGUN OLURSA&#8230;<\/strong><\/p>\n<p> D\u00f6nemin kalan k\u0131sm\u0131nda 3-4-1- 2 takti\u011fiyle devam etmeyi planlayan Mourinho i\u00e7in 26 ya\u015f\u0131ndaki oyuncunun bu sisteme yatk\u0131n olmas\u0131 k\u0131ymetli bir art\u0131. Sportif y\u00f6netici Mario Branco&#8217;nun Frans\u0131z stoper i\u00e7in te\u015febb\u00fcslere ba\u015flad\u0131\u011f\u0131 belirtildi.<\/p>\n<p> Fenerbah\u00e7e, Axel Disasi&#8217;yi sat\u0131n alma opsiyonuyla kiralamay\u0131 planl\u0131yor lakin Chelsea&#8217;nin bonservis beklentisine nazaran direkt bonservisi de al\u0131nabilir.\u00a0<\/p>\n<div>\u00a0<\/div>\n<\/div>\n","protected":false},"excerpt":{"rendered":"<p>Bir\u00e7ok stoper i\u00e7in te\u015febb\u00fcslerde bulunan Fenerbah\u00e7e&#8217;nin son olarak Chelsea&#8217;nin g\u00f6zden \u00e7\u0131kard\u0131\u011f\u0131 y\u0131ld\u0131z futbolcusunu listeye ald\u0131\u011f\u0131 kaydedildi. \u0130\u015fte ayr\u0131nt\u0131lar&#8230;<\/p>\n","protected":false},"author":1,"featured_media":4637,"comment_status":"open","ping_status":"open","sticky":false,"template":"","format":"standard","meta":{"footnotes":""},"categories":[25],"tags":[],"class_list":["post-4636","post","type-post","status-publish","format-standard","has-post-thumbnail","hentry","category-futbol"],"_links":{"self":[{"href":"https:\/\/haberbesiktas.tr\/index.php?rest_route=\/wp\/v2\/posts\/4636","targetHints":{"allow":["GET"]}}],"collection":[{"href":"https:\/\/haberbesiktas.tr\/index.php?rest_route=\/wp\/v2\/posts"}],"about":[{"href":"https:\/\/haberbesiktas.tr\/index.php?rest_route=\/wp\/v2\/types\/post"}],"author":[{"embeddable":true,"href":"https:\/\/haberbesiktas.tr\/index.php?rest_route=\/wp\/v2\/users\/1"}],"replies":[{"embeddable":true,"href":"https:\/\/haberbesiktas.tr\/index.php?rest_route=%2Fwp%2Fv2%2Fcomments&post=4636"}],"version-history":[{"count":1,"href":"https:\/\/haberbesiktas.tr\/index.php?rest_route=\/wp\/v2\/posts\/4636\/revisions"}],"predecessor-version":[{"id":4638,"href":"https:\/\/haberbesiktas.tr\/index.php?rest_route=\/wp\/v2\/posts\/4636\/revisions\/4638"}],"wp:featuredmedia":[{"embeddable":true,"href":"https:\/\/haberbesiktas.tr\/index.php?rest_route=\/wp\/v2\/media\/4637"}],"wp:attachment":[{"href":"https:\/\/haberbesiktas.tr\/index.php?rest_route=%2Fwp%2Fv2%2Fmedia&parent=4636"}],"wp:term":[{"taxonomy":"category","embeddable":true,"href":"https:\/\/haberbesiktas.tr\/index.php?rest_route=%2Fwp%2Fv2%2Fcategories&post=4636"},{"taxonomy":"post_tag","embeddable":true,"href":"https:\/\/haberbesiktas.tr\/index.php?rest_route=%2Fwp%2Fv2%2Ftags&post=4636"}],"curies":[{"name":"wp","href":"https:\/\/api.w.org\/{rel}","templated":true}]}}