{"id":4639,"date":"2025-01-19T05:23:58","date_gmt":"2025-01-19T05:23:58","guid":{"rendered":"https:\/\/haberbesiktas.tr\/?p=4639"},"modified":"2025-01-19T05:23:58","modified_gmt":"2025-01-19T05:23:58","slug":"besiktasa-premier-ligden-sag-bek-kenny-tete","status":"publish","type":"post","link":"https:\/\/haberbesiktas.tr\/?p=4639","title":{"rendered":"Be\u015fikta\u015f&#8217;a Premier Lig&#8217;den sa\u011f bek: &#8216;Kenny Tete&#8217;"},"content":{"rendered":"<div>Lige istedi\u011fi sonu\u00e7lar\u0131 alamayan Be\u015fikta\u015f, orta transferde tak\u0131m\u0131n\u0131 g\u00fc\u00e7lendirmek istiyor.<\/p>\n<p>Siyah Beyazl\u0131lar, \u0130ngiltere Premier Lig grubu Fulham&#8217;da forma giyen Hollandal\u0131 sa\u011f bek Kenny Tete&#8217;yi radar\u0131na ald\u0131.<\/p>\n<p><strong>SEZON SONUNDA KONTRATI B\u0130T\u0130YOR<\/strong> <\/p>\n<p>2020 y\u0131l\u0131ndan beri Fulham&#8217;da top ko\u015fturan Kenny Tete&#8217;nin \u0130ngiliz grubuyla kontrat\u0131 d\u00f6nem sonunda bitiyor. \u00dcnl\u00fc gazeteci Nicola Schira&#8217;n\u0131n haberine nazaran, Tete&#8217;nin menajeri, Fulham&#8217;\u0131n gelecek d\u00f6nem Hollandal\u0131 futbolcuyu tak\u0131m\u0131nda tutmak istemedi\u011fini \u00f6\u011frenmi\u015f ve potansiyel transfer destinasyonlar\u0131 hakk\u0131nda ara\u015ft\u0131rmalara ba\u015flam\u0131\u015f.<\/p>\n<p><strong>AYRILMAK \u0130ST\u0130YOR<\/strong><\/p>\n<p><span>Haberde Kenny Tete&#8217;nin d\u00f6nem sonunda \u00f6zg\u00fcr oyuncu olarak ekipten ayr\u0131labilece\u011fi vurguland\u0131.<\/p>\n<p><\/span><strong>G\u00dcNCEL P\u0130YASA DE\u011eER\u0130<\/strong><\/p>\n<p> Akt\u00fcel piyasa bedeli 15 milyon euro olan oyuncuyu\u00a0\u00a0Fulham, Hollandal\u0131 futbolcuyu Lyon&#8217;dan 3.2 milyon euro kar\u015f\u0131l\u0131\u011f\u0131nda transfer etmi\u015fti.<\/p>\n<p><strong>HER \u0130K\u0130 KANATTA DA OYNUYOR<\/strong> <\/p>\n<p>Tete sa\u011f bek durumunda oynamas\u0131na kar\u015f\u0131n her iki kanatta da oynama \u00f6zelli\u011fi olup ba\u015far\u0131l\u0131 futboluyla dikkat \u00e7ekiyor.<\/p>\n<p> <strong>PERFORMANSI<\/strong><\/p>\n<p><span>29 ya\u015f\u0131ndaki oyuncu bu d\u00f6nem t\u00fcm kulvarlarda 15 ma\u00e7a \u00e7\u0131k\u0131p 1266 dakika m\u00fcddet alan Kenny Tete 2 asistlik skor katk\u0131s\u0131 verdi.<\/span><\/div>\n","protected":false},"excerpt":{"rendered":"<p>Be\u015fikta\u015f, Fulham&#8217;\u0131n 29 ya\u015f\u0131ndaki sa\u011f beki Kenny Tete&#8217;yi g\u00fcndemine ald\u0131.<\/p>\n","protected":false},"author":1,"featured_media":4640,"comment_status":"open","ping_status":"open","sticky":false,"template":"","format":"standard","meta":{"footnotes":""},"categories":[25],"tags":[57,636],"class_list":["post-4639","post","type-post","status-publish","format-standard","has-post-thumbnail","hentry","category-futbol","tag-sezon","tag-tete"],"_links":{"self":[{"href":"https:\/\/haberbesiktas.tr\/index.php?rest_route=\/wp\/v2\/posts\/4639","targetHints":{"allow":["GET"]}}],"collection":[{"href":"https:\/\/haberbesiktas.tr\/index.php?rest_route=\/wp\/v2\/posts"}],"about":[{"href":"https:\/\/haberbesiktas.tr\/index.php?rest_route=\/wp\/v2\/types\/post"}],"author":[{"embeddable":true,"href":"https:\/\/haberbesiktas.tr\/index.php?rest_route=\/wp\/v2\/users\/1"}],"replies":[{"embeddable":true,"href":"https:\/\/haberbesiktas.tr\/index.php?rest_route=%2Fwp%2Fv2%2Fcomments&post=4639"}],"version-history":[{"count":1,"href":"https:\/\/haberbesiktas.tr\/index.php?rest_route=\/wp\/v2\/posts\/4639\/revisions"}],"predecessor-version":[{"id":4641,"href":"https:\/\/haberbesiktas.tr\/index.php?rest_route=\/wp\/v2\/posts\/4639\/revisions\/4641"}],"wp:featuredmedia":[{"embeddable":true,"href":"https:\/\/haberbesiktas.tr\/index.php?rest_route=\/wp\/v2\/media\/4640"}],"wp:attachment":[{"href":"https:\/\/haberbesiktas.tr\/index.php?rest_route=%2Fwp%2Fv2%2Fmedia&parent=4639"}],"wp:term":[{"taxonomy":"category","embeddable":true,"href":"https:\/\/haberbesiktas.tr\/index.php?rest_route=%2Fwp%2Fv2%2Fcategories&post=4639"},{"taxonomy":"post_tag","embeddable":true,"href":"https:\/\/haberbesiktas.tr\/index.php?rest_route=%2Fwp%2Fv2%2Ftags&post=4639"}],"curies":[{"name":"wp","href":"https:\/\/api.w.org\/{rel}","templated":true}]}}