{"id":4648,"date":"2025-01-19T06:35:58","date_gmt":"2025-01-19T06:35:58","guid":{"rendered":"https:\/\/haberbesiktas.tr\/?p=4648"},"modified":"2025-01-19T06:35:58","modified_gmt":"2025-01-19T06:35:58","slug":"galatasaray-iki-yildiz-icin-bastiriyor","status":"publish","type":"post","link":"https:\/\/haberbesiktas.tr\/?p=4648","title":{"rendered":"Galatasaray, iki y\u0131ld\u0131z i\u00e7in bast\u0131r\u0131yor!"},"content":{"rendered":"<div>Bu d\u00f6nem da S\u00fcper Lig&#8217;de \u015fampiyonluk ve Avrupa Ligi&#8217;nde de b\u00fcy\u00fck hayaller kuran Galatasaray, orta transfer periyodunda tak\u0131m\u0131n\u0131 g\u00fc\u00e7lendirmek ismine \u00e7al\u0131\u015fmalar\u0131n\u0131 t\u00fcm s\u00fcratiyle s\u00fcrd\u00fcr\u00fcyor.<\/p>\n<p> <strong>TEMASA GE\u00c7\u0130LD\u0130<\/strong><\/p>\n<p> Forvet transferinde Lyon&#8217;dan Mikautadze&#8217;den gelebilecek olumsuz bir geli\u015fme durumunda rotay\u0131 \u00e7evirebilece\u011fi isim olarak Amine Gouiri&#8217;yi belirleyen Cim Bom, Rennes&#8217;in y\u0131ld\u0131z\u0131 i\u00e7in hem menajeri hem de kul\u00fcb\u00fcyle temasa ge\u00e7mi\u015f durumda. 24 ya\u015f\u0131ndaki oyuncunun da Aslan&#8217;a s\u0131cak bakt\u0131\u011f\u0131 konu\u015fuluyor.<\/p>\n<p> <strong>LEMINA L\u0130STEDE<\/strong><\/p>\n<p> Orta alan i\u00e7in de Wolverhampton&#8217;dan eski oyuncusu Mario Lemina i\u00e7in de devreye giren Sar\u0131-K\u0131rm\u0131z\u0131l\u0131lar, d\u00f6nem sonunda kontrat\u0131 bitecek deneyimli orta sahay\u0131 da uygun bir fiyatla tak\u0131m\u0131na katman\u0131n yollar\u0131n\u0131 ar\u0131yor.\u00a0<\/p>\n<div>\u00a0<\/div>\n<\/div>\n","protected":false},"excerpt":{"rendered":"<p>Transfer \u00e7al\u0131\u015fmalar\u0131na devam eden Galatasaray, Amine Gouiri ile g\u00f6r\u00fc\u015fmelerini s\u00fcrd\u00fcr\u00fcrken, Mario Lemina i\u00e7in de devreye girdi.<\/p>\n","protected":false},"author":1,"featured_media":4649,"comment_status":"open","ping_status":"open","sticky":false,"template":"","format":"standard","meta":{"footnotes":""},"categories":[25],"tags":[],"class_list":["post-4648","post","type-post","status-publish","format-standard","has-post-thumbnail","hentry","category-futbol"],"_links":{"self":[{"href":"https:\/\/haberbesiktas.tr\/index.php?rest_route=\/wp\/v2\/posts\/4648","targetHints":{"allow":["GET"]}}],"collection":[{"href":"https:\/\/haberbesiktas.tr\/index.php?rest_route=\/wp\/v2\/posts"}],"about":[{"href":"https:\/\/haberbesiktas.tr\/index.php?rest_route=\/wp\/v2\/types\/post"}],"author":[{"embeddable":true,"href":"https:\/\/haberbesiktas.tr\/index.php?rest_route=\/wp\/v2\/users\/1"}],"replies":[{"embeddable":true,"href":"https:\/\/haberbesiktas.tr\/index.php?rest_route=%2Fwp%2Fv2%2Fcomments&post=4648"}],"version-history":[{"count":1,"href":"https:\/\/haberbesiktas.tr\/index.php?rest_route=\/wp\/v2\/posts\/4648\/revisions"}],"predecessor-version":[{"id":4650,"href":"https:\/\/haberbesiktas.tr\/index.php?rest_route=\/wp\/v2\/posts\/4648\/revisions\/4650"}],"wp:featuredmedia":[{"embeddable":true,"href":"https:\/\/haberbesiktas.tr\/index.php?rest_route=\/wp\/v2\/media\/4649"}],"wp:attachment":[{"href":"https:\/\/haberbesiktas.tr\/index.php?rest_route=%2Fwp%2Fv2%2Fmedia&parent=4648"}],"wp:term":[{"taxonomy":"category","embeddable":true,"href":"https:\/\/haberbesiktas.tr\/index.php?rest_route=%2Fwp%2Fv2%2Fcategories&post=4648"},{"taxonomy":"post_tag","embeddable":true,"href":"https:\/\/haberbesiktas.tr\/index.php?rest_route=%2Fwp%2Fv2%2Ftags&post=4648"}],"curies":[{"name":"wp","href":"https:\/\/api.w.org\/{rel}","templated":true}]}}