{"id":46573,"date":"2026-01-06T12:12:06","date_gmt":"2026-01-06T12:12:06","guid":{"rendered":"https:\/\/haberbesiktas.tr\/?p=46573"},"modified":"2026-01-06T12:12:06","modified_gmt":"2026-01-06T12:12:06","slug":"galatasarayda-berkan-kutlu-ile-yollar-resmen-ayrildi","status":"publish","type":"post","link":"https:\/\/haberbesiktas.tr\/?p=46573","title":{"rendered":"Galatasaray&#8217;da Berkan Kutlu ile yollar resmen ayr\u0131ld\u0131"},"content":{"rendered":"<div>Galatasaray, 27 ya\u015f\u0131ndaki futbolcu Berkan Kutlu&#8217;nun kontrat\u0131n\u0131n kar\u015f\u0131l\u0131kl\u0131 olarak feshedildi\u011fini bug\u00fcn T\u00fcrkiye Futbol Federasyonu&#8217;na (TFF) bildirdi.<\/p>\n<p> B\u00f6ylelikle sar\u0131-k\u0131rm\u0131z\u0131l\u0131 kul\u00fcp ile tecr\u00fcbeli orta saha oyuncusunun yollar\u0131 resmen ayr\u0131ld\u0131.<\/p>\n<p><img decoding=\"async\" src=\"https:\/\/haberbesiktas.tr\/wp-content\/uploads\/2026\/01\/galatasarayda-berkan-kutlu-ile-yollar-resmen-ayrildi-0-EHu9TKnV.png\"\/><\/p>\n<p> Galatasaray, yeni devirde devam etmeyece\u011fi 27 ya\u015f\u0131ndaki futbolcu Berkan Kutlu i\u00e7in d\u00fcn, veda bildirisi yay\u0131mlam\u0131\u015ft\u0131. <\/p>\n<p> Sar\u0131-k\u0131rm\u0131z\u0131l\u0131 kul\u00fcb\u00fcn toplumsal medya hesaplar\u0131ndan payla\u015f\u0131lan bildiride \u015fu tabirlere yer verilmi\u015fti:<\/p>\n<p> <strong>&#8220;\u00c7ocukluk hayalini ger\u00e7ekle\u015ftiren, sar\u0131 k\u0131rm\u0131z\u0131l\u0131 formayla alana \u00e7\u0131kt\u0131\u011f\u0131nda gayretten asla vazge\u00e7meyen Berkan Kutlu&#8217;ya emekleri i\u00e7in te\u015fekk\u00fcr ediyoruz. Birlikte kazand\u0131\u011f\u0131m\u0131z muvaffakiyetler ve ya\u015fad\u0131\u011f\u0131m\u0131z mutluluklar her vakit hat\u0131rlanacak. Yolun a\u00e7\u0131k olsun.&#8221;<\/strong><\/p>\n<p> 2021-2022 d\u00f6nemi ba\u015f\u0131nda Alanyaspor&#8217;dan Galatasaray&#8217;a transfer olan Berkan Kutlu, sar\u0131-k\u0131rm\u0131z\u0131l\u0131 formayla 3 S\u00fcper Lig, 1 T\u00fcrkiye Kupas\u0131 ve 1 Muhte\u015fem Kupa \u015fampiyonluklar\u0131 ya\u015fad\u0131.\u00a0<\/p>\n<p> <strong>&#8220;HAKKINIZI HELAL ED\u0130N, HO\u015e\u00c7A KALIN&#8221;<\/strong><\/p>\n<p> \u00d6te yandan ulusal futbolcu, bug\u00fcn yapt\u0131\u011f\u0131 payla\u015f\u0131mla sar\u0131-k\u0131rm\u0131z\u0131l\u0131lara veda etti.<\/p>\n<p> Konyaspor&#8217;la anla\u015fan Berkan Kutlu, Galatasaray&#8217;\u0131n kendisi i\u00e7in yapt\u0131\u011f\u0131 payla\u015f\u0131m\u0131 al\u0131nt\u0131layarak,<strong>\u00a0&#8220;Formas\u0131n\u0131 giymek i\u00e7in futbola ba\u015flad\u0131\u011f\u0131m Galatasaray&#8217;a veda ediyorum&#8230; Benim i\u00e7in m\u00fckemmel bir seyahatti. Hakk\u0131n\u0131z\u0131 helal edin. Ho\u015f\u00e7a kal\u0131n.&#8221;<\/strong>\u00a0ifadelerini kulland\u0131.<\/p>\n<p> Berkan Kutlu&#8217;nun veda payla\u015f\u0131m\u0131n\u0131n k\u0131sa m\u00fcddet i\u00e7inde b\u00fcy\u00fck etkile\u015fim ald\u0131\u011f\u0131 g\u00f6r\u00fcld\u00fc.\u00a0<\/p>\n<blockquote class=\"twitter-tweet\" data-width=\"500\" data-dnt=\"true\">\n<p lang=\"tr\" dir=\"ltr\">Formas\u0131n\u0131 giymek i\u00e7in futbola ba\u015flad\u0131\u011f\u0131m Galatasaray&#39;a veda ediyorum&#8230; <\/p>\n<p>Benim i\u00e7in harika bir yolculuktu. <\/p>\n<p>Hakk\u0131n\u0131z\u0131 helal edin. <\/p>\n<p>Ho\u015f\u00e7a kal\u0131n. <a href=\"https:\/\/t.co\/Qv9xUkVaOb\" rel=\"nofollow\">https:\/\/t.co\/Qv9xUkVaOb<\/a><\/p>\n<p>&mdash; Berkan Kutlu (@iamberkankutlu) <a href=\"https:\/\/twitter.com\/iamberkankutlu\/status\/2008056586955264326?ref_src=twsrc%5Etfw\" rel=\"nofollow noopener\" target=\"_blank\">January 5, 2026<\/a><\/p><\/blockquote>\n<p><script async src=\"https:\/\/platform.twitter.com\/widgets.js\" charset=\"utf-8\"><\/script><\/p>\n<\/div>\n","protected":false},"excerpt":{"rendered":"<p>Galatasaray, Berkan Kutlu&#8217;nun mukavelesinin kar\u015f\u0131l\u0131kl\u0131 olarak feshedildi\u011fini TFF&#8217;ye bildirdi.<\/p>\n","protected":false},"author":1,"featured_media":46575,"comment_status":"open","ping_status":"open","sticky":false,"template":"","format":"standard","meta":{"footnotes":""},"categories":[25],"tags":[3573,172,3574,605],"class_list":["post-46573","post","type-post","status-publish","format-standard","has-post-thumbnail","hentry","category-futbol","tag-berkan-kutlu","tag-futbol","tag-kirmizili","tag-sari"],"_links":{"self":[{"href":"https:\/\/haberbesiktas.tr\/index.php?rest_route=\/wp\/v2\/posts\/46573","targetHints":{"allow":["GET"]}}],"collection":[{"href":"https:\/\/haberbesiktas.tr\/index.php?rest_route=\/wp\/v2\/posts"}],"about":[{"href":"https:\/\/haberbesiktas.tr\/index.php?rest_route=\/wp\/v2\/types\/post"}],"author":[{"embeddable":true,"href":"https:\/\/haberbesiktas.tr\/index.php?rest_route=\/wp\/v2\/users\/1"}],"replies":[{"embeddable":true,"href":"https:\/\/haberbesiktas.tr\/index.php?rest_route=%2Fwp%2Fv2%2Fcomments&post=46573"}],"version-history":[{"count":1,"href":"https:\/\/haberbesiktas.tr\/index.php?rest_route=\/wp\/v2\/posts\/46573\/revisions"}],"predecessor-version":[{"id":46577,"href":"https:\/\/haberbesiktas.tr\/index.php?rest_route=\/wp\/v2\/posts\/46573\/revisions\/46577"}],"wp:featuredmedia":[{"embeddable":true,"href":"https:\/\/haberbesiktas.tr\/index.php?rest_route=\/wp\/v2\/media\/46575"}],"wp:attachment":[{"href":"https:\/\/haberbesiktas.tr\/index.php?rest_route=%2Fwp%2Fv2%2Fmedia&parent=46573"}],"wp:term":[{"taxonomy":"category","embeddable":true,"href":"https:\/\/haberbesiktas.tr\/index.php?rest_route=%2Fwp%2Fv2%2Fcategories&post=46573"},{"taxonomy":"post_tag","embeddable":true,"href":"https:\/\/haberbesiktas.tr\/index.php?rest_route=%2Fwp%2Fv2%2Ftags&post=46573"}],"curies":[{"name":"wp","href":"https:\/\/api.w.org\/{rel}","templated":true}]}}