{"id":46584,"date":"2026-01-06T12:48:05","date_gmt":"2026-01-06T12:48:05","guid":{"rendered":"https:\/\/haberbesiktas.tr\/?p=46584"},"modified":"2026-01-06T12:48:05","modified_gmt":"2026-01-06T12:48:05","slug":"super-lig-ekibinden-necip-uysal-surprizi-teklife-aninda-yanit-geldi","status":"publish","type":"post","link":"https:\/\/haberbesiktas.tr\/?p=46584","title":{"rendered":"S\u00fcper Lig ekibinden Necip Uysal s\u00fcrprizi: Teklife an\u0131nda yan\u0131t geldi"},"content":{"rendered":"<div>\n<p>S\u00fcper Lig&#8217;de orta transfer \u00e7al\u0131\u015fmalar\u0131n\u0131 s\u00fcrd\u00fcren Fatih Karag\u00fcmr\u00fck, Fenerbah\u00e7e&#8217;den Cenk Tosun ve Be\u015fikta\u015f&#8217;tan Necip Uysal&#8217;a talip oldu.\u00a0<\/p>\n<p> Ajansspor&#8217;da yer alan habere nazaran, \u0130stanbul grubu, iki futbolcuya da transfer teklifini iletti. Necip Uysal&#8217;\u0131n mesle\u011fini Be\u015fikta\u015f&#8217;ta tamamlamak istedi\u011fi i\u00e7in teklife kabul etmedi\u011fi belirtildi.<\/p>\n<p> Be\u015fikta\u015f&#8217;ta Necip Uysal, Mert G\u00fcnok&#8217;la birlikte tak\u0131m d\u0131\u015f\u0131 b\u0131rak\u0131lm\u0131\u015f ve kendilerinden grup bulmalar\u0131 istenmi\u015fti. <\/p>\n<p> Necip Uysal tak\u0131m d\u0131\u015f\u0131 karar\u0131 sonras\u0131nda toplumsal medya hesab\u0131ndan yapt\u0131\u011f\u0131 payla\u015f\u0131mda futbolu Be\u015fikta\u015f&#8217;ta b\u0131rakmak istedi\u011fini a\u00e7\u0131klam\u0131\u015ft\u0131.<\/p>\n<p> <strong>NEC\u0130P UYSAL&#8217;IN A\u00c7IKLAMASI<\/strong><\/p>\n<p> Tecr\u00fcbeli oyuncu payla\u015f\u0131m\u0131nda,<strong> &#8220;Ben hayat\u0131mda siyah-beyazdan di\u011fer forma giymedim, g\u00f6\u011fs\u00fcmde farkl\u0131 bir arma ta\u015f\u0131mad\u0131m. Yeniden giymeyece\u011fim, tekrar ta\u015f\u0131mayaca\u011f\u0131m. Futbola ve 22 y\u0131ll\u0131k eme\u011fime duydu\u011fum h\u00fcrmetten ve ileride \u00e7ocuklar\u0131ma &#8216;Baban\u0131z hi\u00e7bir \u015feyi yar\u0131m b\u0131rakmad\u0131.&#8217; diyebilmek i\u00e7in d\u00f6nem sonuna kadar bana kul\u00fcb\u00fcm\u00fcn g\u00f6sterdi\u011fi yerde ve halde antrenmanlar\u0131ma devam edece\u011fim. D\u00f6nem sonunda da ko\u015fullar ne olursa olsun, mesle\u011fime bu forma alt\u0131nda nokta koyaca\u011f\u0131m.&#8221;<\/strong> tabirlerini kullanm\u0131\u015ft\u0131.<\/p>\n<p> <strong>FENERBAH\u00c7E&#8217;N\u0130N TAKIM DI\u015eI A\u00c7IKLAMASI<\/strong><\/p>\n<p> Fenerbah\u00e7e ise 12 Ekim 2025&#8217;te yapt\u0131\u011f\u0131 a\u00e7\u0131klamayla Cenk Tosun ve \u0130rfan Can Kahveci&#8217;nin tak\u0131m d\u0131\u015f\u0131 b\u0131rak\u0131ld\u0131\u011f\u0131n\u0131 a\u00e7\u0131klam\u0131\u015ft\u0131. Sar\u0131-lacivertli kul\u00fcpten yap\u0131lan a\u00e7\u0131klamada, &#8220;Futbol A Ekibi oyuncular\u0131m\u0131zdan \u0130rfan Can Kahveci ve Cenk Tosun al\u0131nan karar gere\u011fi tak\u0131m d\u0131\u015f\u0131 b\u0131rak\u0131lm\u0131\u015ft\u0131r.&#8221; s\u00f6zleri kullan\u0131lm\u0131\u015ft\u0131.<\/p>\n<\/div>\n","protected":false},"excerpt":{"rendered":"<p>Fatih Karag\u00fcmr\u00fck, ekiplerinde tak\u0131m d\u0131\u015f\u0131 b\u0131rak\u0131lan Cenk Tosun ve Necip Uysal&#8217;\u0131 tak\u0131m\u0131na katmak istiyor. Necip Uysal&#8217;\u0131n futbolu Be\u015fikta\u015f&#8217;ta b\u0131rakmak istedi\u011fi i\u00e7in teklife olumsuz cevap verdi\u011fi belirtildi.<\/p>\n","protected":false},"author":1,"featured_media":46585,"comment_status":"open","ping_status":"open","sticky":false,"template":"","format":"standard","meta":{"footnotes":""},"categories":[25],"tags":[3577,3576],"class_list":["post-46584","post","type-post","status-publish","format-standard","has-post-thumbnail","hentry","category-futbol","tag-kadro-disi","tag-necip-uysal"],"_links":{"self":[{"href":"https:\/\/haberbesiktas.tr\/index.php?rest_route=\/wp\/v2\/posts\/46584","targetHints":{"allow":["GET"]}}],"collection":[{"href":"https:\/\/haberbesiktas.tr\/index.php?rest_route=\/wp\/v2\/posts"}],"about":[{"href":"https:\/\/haberbesiktas.tr\/index.php?rest_route=\/wp\/v2\/types\/post"}],"author":[{"embeddable":true,"href":"https:\/\/haberbesiktas.tr\/index.php?rest_route=\/wp\/v2\/users\/1"}],"replies":[{"embeddable":true,"href":"https:\/\/haberbesiktas.tr\/index.php?rest_route=%2Fwp%2Fv2%2Fcomments&post=46584"}],"version-history":[{"count":1,"href":"https:\/\/haberbesiktas.tr\/index.php?rest_route=\/wp\/v2\/posts\/46584\/revisions"}],"predecessor-version":[{"id":46586,"href":"https:\/\/haberbesiktas.tr\/index.php?rest_route=\/wp\/v2\/posts\/46584\/revisions\/46586"}],"wp:featuredmedia":[{"embeddable":true,"href":"https:\/\/haberbesiktas.tr\/index.php?rest_route=\/wp\/v2\/media\/46585"}],"wp:attachment":[{"href":"https:\/\/haberbesiktas.tr\/index.php?rest_route=%2Fwp%2Fv2%2Fmedia&parent=46584"}],"wp:term":[{"taxonomy":"category","embeddable":true,"href":"https:\/\/haberbesiktas.tr\/index.php?rest_route=%2Fwp%2Fv2%2Fcategories&post=46584"},{"taxonomy":"post_tag","embeddable":true,"href":"https:\/\/haberbesiktas.tr\/index.php?rest_route=%2Fwp%2Fv2%2Ftags&post=46584"}],"curies":[{"name":"wp","href":"https:\/\/api.w.org\/{rel}","templated":true}]}}