{"id":46612,"date":"2026-01-06T14:36:05","date_gmt":"2026-01-06T14:36:05","guid":{"rendered":"https:\/\/haberbesiktas.tr\/?p=46612"},"modified":"2026-01-06T14:36:05","modified_gmt":"2026-01-06T14:36:05","slug":"euroleaguede-maccabi-rapyd-maclarina-ispanyada-seyirci-yasagi","status":"publish","type":"post","link":"https:\/\/haberbesiktas.tr\/?p=46612","title":{"rendered":"EuroLeague&#8217;de Maccabi Rapyd ma\u00e7lar\u0131na \u0130spanya&#8217;da seyirci yasa\u011f\u0131"},"content":{"rendered":"<div>\n<div>EuroLeague&#8217;de \u0130srail&#8217;in Maccabi Rapyd grubunun 6 Ocak&#8217;taki Barcelona ma\u00e7\u0131n\u0131n seyircisiz oynanmas\u0131 karar\u0131n\u0131n akabinde 8 Ocak&#8217;taki Real Madrid m\u00fcsabakas\u0131 i\u00e7in de t\u0131pk\u0131 karar \u00e7\u0131kt\u0131.<\/div>\n<div>\u00a0<\/div>\n<div>Real Madrid Kul\u00fcb\u00fc yapt\u0131\u011f\u0131 yaz\u0131l\u0131 a\u00e7\u0131klamada, 8 Ocak&#8217;ta Madrid&#8217;deki Movistar Arena&#8217;da Maccabi Rapyd&#8217;e kar\u015f\u0131 oynanacak ma\u00e7a seyircinin al\u0131nmayaca\u011f\u0131n\u0131 belirterek, &#8220;Sporda \u015eiddet, Irk\u00e7\u0131l\u0131k, Yabanc\u0131 D\u00fc\u015fmanl\u0131\u011f\u0131 ve Ho\u015fg\u00f6r\u00fcs\u00fczl\u00fckle U\u011fra\u015f Devlet Kurulu ile d\u00fczenlenen toplant\u0131da, ma\u00e7\u0131n y\u00fcksek riskli oldu\u011funun ilan edilmesinin akabinde Real Madrid, Ulusal Polis&#8217;in yapt\u0131\u011f\u0131 tavsiyeye uymaktad\u0131r.&#8221; denildi.<\/div>\n<div>\u00a0<\/div>\n<div>Real Madrid m\u00fcsabakan\u0131n seyircisiz oynanmas\u0131ndan \u00f6t\u00fcr\u00fc bilet paralar\u0131n\u0131n s\u00fcratli ve otomatik bir halde geri \u00f6denece\u011fini, d\u00f6nemlik kombinesi olanlarda ise gelecek d\u00f6neme y\u00f6nelik indirim yap\u0131laca\u011f\u0131 bildirdi.<\/div>\n<div>\u00a0<\/div>\n<div>Barcelona Kul\u00fcb\u00fc, ge\u00e7en haftalarda yapt\u0131\u011f\u0131 a\u00e7\u0131klamada, Maccabi Rapyd ma\u00e7\u0131n\u0131n seyircisiz oynanaca\u011f\u0131n\u0131 duyurmu\u015ftu.<\/div>\n<div>\u00a0<\/div>\n<div>\u0130spanya&#8217;da birinci Katalonya akabinde Madrid&#8217;de y\u00fczlerce sivil toplum kurulu\u015fu (STK), &#8220;\u0130srail&#8217;in Filistin&#8217;de i\u015fledi\u011fi soyk\u0131r\u0131m\u0131 yasalla\u015ft\u0131rman\u0131n ve sporu kullanarak insan haklar\u0131 ihlallerini g\u00f6r\u00fcnmez k\u0131lman\u0131n bir yolu&#8221; oldu\u011fu gerek\u00e7esiyle Maccabi Rapyd ma\u00e7\u0131n\u0131n iptal edilip \u0130srail&#8217;in protesto edilmesi i\u00e7in haftalard\u0131r te\u015febb\u00fcslerde bulunuyor.<\/div>\n<div>\u00a0<\/div>\n<div>Son olarak Madrid&#8217;de 250&#8217;den fazla STK yay\u0131mlad\u0131\u011f\u0131 manifestoda, \u015fu tabirleri kullanm\u0131\u015ft\u0131:<\/div>\n<div>\u00a0<\/div>\n<div>&#8220;\u0130srail&#8217;i temsil eden kadrolar\u0131n milletleraras\u0131 spor kar\u015f\u0131la\u015fmalar\u0131na i\u015ftiraki, s\u00fcreklilik arz eden i\u015fgal, apartheid ve imha siyasetini aklamak i\u00e7in sporun bir ara\u00e7 olarak kullan\u0131lmas\u0131 manas\u0131na gelmektedir. Filistin halk\u0131na kar\u015f\u0131 soyk\u0131r\u0131m hatas\u0131 nedeniyle Memleketler aras\u0131 Adalet Divan\u0131 taraf\u0131ndan soru\u015fturulan \u0130srail devletinin milletleraras\u0131 alanda ola\u011fanla\u015fmas\u0131na katk\u0131da bulunmaktad\u0131r. Spor, milletleraras\u0131 kabahatlerden ba\u015fka kalamaz yahut kelamda tarafs\u0131zl\u0131\u011f\u0131n gerisine saklanamaz. Bu ma\u00e7\u0131n oynanmas\u0131na m\u00fcsaade vermek siyasi ve sembolik bir hata i\u015ftirakidir.&#8221;<\/div>\n<div>\u00a0<\/div>\n<div>\u0130spanyol STK&#8217;ler gerek yar\u0131n Barselona&#8217;daki Palau Blaugrana gerekse 8 Ocak&#8217;ta Madrid&#8217;deki Movistar Arena \u00f6n\u00fcnde \u0130srail&#8217;i protesto \u015fovlar\u0131 d\u00fczenleyecek.<\/div>\n<\/p><\/div>\n","protected":false},"excerpt":{"rendered":"<p>\u0130srail temsilcisi Maccabi Rapyd&#8217;in Barcelona ve Real Madrid ile oynayaca\u011f\u0131 EuroLeague m\u00fcsabakalar\u0131, &#8220;y\u00fcksek risk&#8221; gerek\u00e7esiyle seyircisiz oynanacak. Karar, g\u00fcvenlik tasalar\u0131 ve artan protestolar\u0131n akabinde al\u0131nd\u0131.<\/p>\n","protected":false},"author":1,"featured_media":46613,"comment_status":"open","ping_status":"open","sticky":false,"template":"","format":"standard","meta":{"footnotes":""},"categories":[10],"tags":[1721,1086,65],"class_list":["post-46612","post","type-post","status-publish","format-standard","has-post-thumbnail","hentry","category-basketbol","tag-israil","tag-madrid","tag-spor"],"_links":{"self":[{"href":"https:\/\/haberbesiktas.tr\/index.php?rest_route=\/wp\/v2\/posts\/46612","targetHints":{"allow":["GET"]}}],"collection":[{"href":"https:\/\/haberbesiktas.tr\/index.php?rest_route=\/wp\/v2\/posts"}],"about":[{"href":"https:\/\/haberbesiktas.tr\/index.php?rest_route=\/wp\/v2\/types\/post"}],"author":[{"embeddable":true,"href":"https:\/\/haberbesiktas.tr\/index.php?rest_route=\/wp\/v2\/users\/1"}],"replies":[{"embeddable":true,"href":"https:\/\/haberbesiktas.tr\/index.php?rest_route=%2Fwp%2Fv2%2Fcomments&post=46612"}],"version-history":[{"count":1,"href":"https:\/\/haberbesiktas.tr\/index.php?rest_route=\/wp\/v2\/posts\/46612\/revisions"}],"predecessor-version":[{"id":46614,"href":"https:\/\/haberbesiktas.tr\/index.php?rest_route=\/wp\/v2\/posts\/46612\/revisions\/46614"}],"wp:featuredmedia":[{"embeddable":true,"href":"https:\/\/haberbesiktas.tr\/index.php?rest_route=\/wp\/v2\/media\/46613"}],"wp:attachment":[{"href":"https:\/\/haberbesiktas.tr\/index.php?rest_route=%2Fwp%2Fv2%2Fmedia&parent=46612"}],"wp:term":[{"taxonomy":"category","embeddable":true,"href":"https:\/\/haberbesiktas.tr\/index.php?rest_route=%2Fwp%2Fv2%2Fcategories&post=46612"},{"taxonomy":"post_tag","embeddable":true,"href":"https:\/\/haberbesiktas.tr\/index.php?rest_route=%2Fwp%2Fv2%2Ftags&post=46612"}],"curies":[{"name":"wp","href":"https:\/\/api.w.org\/{rel}","templated":true}]}}