{"id":46615,"date":"2026-01-06T14:48:04","date_gmt":"2026-01-06T14:48:04","guid":{"rendered":"https:\/\/haberbesiktas.tr\/?p=46615"},"modified":"2026-01-06T14:48:04","modified_gmt":"2026-01-06T14:48:04","slug":"lewandowski-kariyerimin-bitmesinden-korkmuyorum","status":"publish","type":"post","link":"https:\/\/haberbesiktas.tr\/?p=46615","title":{"rendered":"Lewandowski: &#8220;Kariyerimin bitmesinden korkmuyorum&#8221;"},"content":{"rendered":"<div>Barcelona formas\u0131 giyen Robert Lewandowski, gelece\u011fine dair a\u00e7\u0131klamalarda bulundu. 37 ya\u015f\u0131ndaki futbolcu, mesle\u011finin sona ermesinden korkmad\u0131\u011f\u0131n\u0131 s\u00f6yledi.<\/p>\n<p><strong>&#8220;T\u00dcM HAYATIM DE\u011e\u0130L&#8221;<\/strong><\/p>\n<p> Lewandowski,<strong> &#8220;Kariyerimin sona ermesinden korkmuyorum zira buna haz\u0131rlanmaya ba\u015flad\u0131m. Futbol sonras\u0131 yapabileceklerime haz\u0131rlan\u0131yorum. Futbolun hayat\u0131m\u0131n \u00e7ok k\u0131ymetli bir kesimi oldu\u011funu biliyordum lakin futbol, benim t\u00fcm hayat\u0131m de\u011fil, bilhassa de \u015fu anda.&#8221;<\/strong> dedi.<\/p>\n<p> Polonyal\u0131 golc\u00fc,<strong> &#8220;Gen\u00e7ken bunu d\u00fc\u015f\u00fcnm\u00fcyordum zira tek d\u00fc\u015f\u00fcnebildi\u011fim futbol ve futboldu! Lakin art\u0131k mesle\u011fimin sonuna yakla\u015ft\u0131\u011f\u0131m\u0131 fark ediyorum. Ka\u00e7 y\u0131l\u0131m kald\u0131 bilmiyorum lakin rastgele bir bask\u0131 hissetmiyorum.&#8221;<\/strong> diye konu\u015ftu.<\/p>\n<p><strong>EMEKL\u0130L\u0130K S\u00d6ZLER\u0130<\/strong> <\/p>\n<p> 37 ya\u015f\u0131ndaki tecr\u00fcbeli golc\u00fc,<strong> &#8220;Bir g\u00fcn bedenimi dinleyip bir \u015feylerin de\u011fi\u015fti\u011fini hissedersem, emekli olmaya haz\u0131r olaca\u011f\u0131m.&#8221;<\/strong> dedi.<\/p>\n<p> Barcelona&#8217;da bu d\u00f6nem 19 ma\u00e7a \u00e7\u0131kan Lewandowski, 9 gol att\u0131 ve 2 asist yapt\u0131.<\/p>\n<\/div>\n","protected":false},"excerpt":{"rendered":"<p>Barcelona&#8217;n\u0131n 37 ya\u015f\u0131ndaki golc\u00fcs\u00fc Robert Lewandowski, mesle\u011finin sona ermesinden korkmad\u0131\u011f\u0131n\u0131 ve futbol sonras\u0131 i\u00e7in haz\u0131rl\u0131klara ba\u015flad\u0131\u011f\u0131n\u0131 s\u00f6yledi.<\/p>\n","protected":false},"author":1,"featured_media":46616,"comment_status":"open","ping_status":"open","sticky":false,"template":"","format":"standard","meta":{"footnotes":""},"categories":[25],"tags":[172],"class_list":["post-46615","post","type-post","status-publish","format-standard","has-post-thumbnail","hentry","category-futbol","tag-futbol"],"_links":{"self":[{"href":"https:\/\/haberbesiktas.tr\/index.php?rest_route=\/wp\/v2\/posts\/46615","targetHints":{"allow":["GET"]}}],"collection":[{"href":"https:\/\/haberbesiktas.tr\/index.php?rest_route=\/wp\/v2\/posts"}],"about":[{"href":"https:\/\/haberbesiktas.tr\/index.php?rest_route=\/wp\/v2\/types\/post"}],"author":[{"embeddable":true,"href":"https:\/\/haberbesiktas.tr\/index.php?rest_route=\/wp\/v2\/users\/1"}],"replies":[{"embeddable":true,"href":"https:\/\/haberbesiktas.tr\/index.php?rest_route=%2Fwp%2Fv2%2Fcomments&post=46615"}],"version-history":[{"count":1,"href":"https:\/\/haberbesiktas.tr\/index.php?rest_route=\/wp\/v2\/posts\/46615\/revisions"}],"predecessor-version":[{"id":46617,"href":"https:\/\/haberbesiktas.tr\/index.php?rest_route=\/wp\/v2\/posts\/46615\/revisions\/46617"}],"wp:featuredmedia":[{"embeddable":true,"href":"https:\/\/haberbesiktas.tr\/index.php?rest_route=\/wp\/v2\/media\/46616"}],"wp:attachment":[{"href":"https:\/\/haberbesiktas.tr\/index.php?rest_route=%2Fwp%2Fv2%2Fmedia&parent=46615"}],"wp:term":[{"taxonomy":"category","embeddable":true,"href":"https:\/\/haberbesiktas.tr\/index.php?rest_route=%2Fwp%2Fv2%2Fcategories&post=46615"},{"taxonomy":"post_tag","embeddable":true,"href":"https:\/\/haberbesiktas.tr\/index.php?rest_route=%2Fwp%2Fv2%2Ftags&post=46615"}],"curies":[{"name":"wp","href":"https:\/\/api.w.org\/{rel}","templated":true}]}}