{"id":46621,"date":"2026-01-06T15:12:06","date_gmt":"2026-01-06T15:12:06","guid":{"rendered":"https:\/\/haberbesiktas.tr\/?p=46621"},"modified":"2026-01-06T15:12:06","modified_gmt":"2026-01-06T15:12:06","slug":"manuel-neuerden-yeni-sozlesme-yaniti","status":"publish","type":"post","link":"https:\/\/haberbesiktas.tr\/?p=46621","title":{"rendered":"Manuel Neuer&#8217;den yeni s\u00f6zle\u015fme yan\u0131t\u0131"},"content":{"rendered":"<div>Bayern M\u00fcnih&#8217;in kalecisi Manuel Neuer, yeni kontrat ihtimali hakk\u0131nda a\u00e7\u0131klama yapt\u0131.<\/p>\n<p> Tecr\u00fcbeli file bek\u00e7isi, <strong>&#8220;Bu hususta olumlu d\u00fc\u015f\u00fcn\u00fcyorum. Lakin \u015fimdilik \u00f6n\u00fcm\u00fczdeki birka\u00e7 ay\u0131n nas\u0131l ge\u00e7ece\u011fini beklemek gerekiyor. G\u00fczel performanslar sergilemeye \u00e7al\u0131\u015faca\u011f\u0131m. Akabinde mart yahut nisan ay\u0131n\u0131n sonunda bir karar verilecek.&#8221; d<\/strong>edi.<\/p>\n<p> Alman file bek\u00e7isi, <strong>&#8220;O vakte kadar ma\u00e7 ma\u00e7 nas\u0131l oynad\u0131\u011f\u0131m\u0131 ve bedenimin nas\u0131l hissetti\u011fini g\u00f6rece\u011fiz. Ayr\u0131yeten 40 ya\u015f\u0131na girece\u011fim. Bu y\u00fczden devam edip etmemek i\u00e7in tam bir inan\u00e7la karar verip veremeyece\u011fime bakmam\u0131z gerekecek.&#8221;<\/strong> kelamlar\u0131n\u0131 sarf etti. <\/p>\n<p> 2011 y\u0131l\u0131ndan bu yana Bayern M\u00fcnih&#8217;in kalesini koruyan Neuer&#8217;in, Alman tak\u0131m\u0131yla mukavelesi d\u00f6nem sonunda bitiyor.<\/p>\n<\/div>\n","protected":false},"excerpt":{"rendered":"<p>Bayern M\u00fcnih&#8217;in tecr\u00fcbeli file bek\u00e7isi Manuel Neuer, yeni kontrat ihtimali i\u00e7in konu\u015ftu.<\/p>\n","protected":false},"author":1,"featured_media":46622,"comment_status":"open","ping_status":"open","sticky":false,"template":"","format":"standard","meta":{"footnotes":""},"categories":[25],"tags":[],"class_list":["post-46621","post","type-post","status-publish","format-standard","has-post-thumbnail","hentry","category-futbol"],"_links":{"self":[{"href":"https:\/\/haberbesiktas.tr\/index.php?rest_route=\/wp\/v2\/posts\/46621","targetHints":{"allow":["GET"]}}],"collection":[{"href":"https:\/\/haberbesiktas.tr\/index.php?rest_route=\/wp\/v2\/posts"}],"about":[{"href":"https:\/\/haberbesiktas.tr\/index.php?rest_route=\/wp\/v2\/types\/post"}],"author":[{"embeddable":true,"href":"https:\/\/haberbesiktas.tr\/index.php?rest_route=\/wp\/v2\/users\/1"}],"replies":[{"embeddable":true,"href":"https:\/\/haberbesiktas.tr\/index.php?rest_route=%2Fwp%2Fv2%2Fcomments&post=46621"}],"version-history":[{"count":1,"href":"https:\/\/haberbesiktas.tr\/index.php?rest_route=\/wp\/v2\/posts\/46621\/revisions"}],"predecessor-version":[{"id":46623,"href":"https:\/\/haberbesiktas.tr\/index.php?rest_route=\/wp\/v2\/posts\/46621\/revisions\/46623"}],"wp:featuredmedia":[{"embeddable":true,"href":"https:\/\/haberbesiktas.tr\/index.php?rest_route=\/wp\/v2\/media\/46622"}],"wp:attachment":[{"href":"https:\/\/haberbesiktas.tr\/index.php?rest_route=%2Fwp%2Fv2%2Fmedia&parent=46621"}],"wp:term":[{"taxonomy":"category","embeddable":true,"href":"https:\/\/haberbesiktas.tr\/index.php?rest_route=%2Fwp%2Fv2%2Fcategories&post=46621"},{"taxonomy":"post_tag","embeddable":true,"href":"https:\/\/haberbesiktas.tr\/index.php?rest_route=%2Fwp%2Fv2%2Ftags&post=46621"}],"curies":[{"name":"wp","href":"https:\/\/api.w.org\/{rel}","templated":true}]}}