{"id":46654,"date":"2026-01-06T17:12:05","date_gmt":"2026-01-06T17:12:05","guid":{"rendered":"https:\/\/haberbesiktas.tr\/?p=46654"},"modified":"2026-01-06T17:12:05","modified_gmt":"2026-01-06T17:12:05","slug":"fatih-tekke-buradan-basimiz-dik-ayrilmamiz-gerekiyor","status":"publish","type":"post","link":"https:\/\/haberbesiktas.tr\/?p=46654","title":{"rendered":"Fatih Tekke: &#8220;Buradan ba\u015f\u0131m\u0131z dik ayr\u0131lmam\u0131z gerekiyor&#8221;"},"content":{"rendered":"<div>\n<div>Turkcell Harika Kupa yar\u0131 final ma\u00e7\u0131nda Galatasaray ile kar\u015f\u0131la\u015facak Trabzonspor&#8217;da Fatih Tekke a\u00e7\u0131klamalarda bulundu.<\/div>\n<div>\u00a0<\/div>\n<div><strong>\u0130\u015fte Fatih Tekke&#8217;nin a\u00e7\u0131klamalar\u0131:<\/strong><\/div>\n<div>\u00a0<\/div>\n<div>Fatih Tekke: &#8220;Haz\u0131rlanmam\u0131z gereken formda haz\u0131rland\u0131k. G\u00fc\u00e7 bir ma\u00e7. Taktik, formasyon, pozisyonlanmak&#8230; Bug\u00fcn konumlanmakta biraz fark\u0131m\u0131z olacak.\u00a0<\/div>\n<div>\u00a0<\/div>\n<div>Bizim a\u00e7\u0131m\u0131zdan g\u00fc\u00e7 fakat Trabzonspor formas\u0131yla alana \u00e7\u0131kan her oyuncunun \u015funu biliyor olmas\u0131 gerekiyor; her ma\u00e7\u0131 kazanmaya oynaman\u0131z gerekiyor.\u00a0<\/div>\n<div>\u00a0<\/div>\n<div>Ma\u00e7 sonunda ba\u015f\u0131m\u0131z dik buradan ayr\u0131lmam\u0131z gerekiyor. Kazanmak i\u00e7in her \u015feyi yapacak Trabzonspor. Eksiklerimiz var fakat onlara yapacak bir \u015feyimiz yok.<\/div>\n<div>\u00a0<\/div>\n<div>Cesurca&#8230; Cesurca, \u00fc\u00e7\u00fcnc\u00fcs\u00fc de sakat oyuncu vermeden ma\u00e7\u0131 bitirebilmek.&#8221;<\/div>\n<div>\u00a0<\/div>\n<div>\n<div>&#8220;Her oyuncu g\u00fc\u00e7 anlar olacak fakat biz ekip olarak&#8230; \u0130dmanda tekrar etti\u011fimiz, \u00e7al\u0131\u015ft\u0131\u011f\u0131m\u0131z ve bunda \u0131srar etmemiz gereken haller var bunlar\u0131 deniyoruz, denemeye devam edece\u011fiz. Kazanmak istiyoruz fakat skor ne olursa olsun, oyuncular buradan ba\u015f\u0131 dik ayr\u0131lmal\u0131. Benim temennim bu.&#8221;<\/div>\n<\/p><\/div>\n<div>\u00a0<\/div>\n<div>&#8220;Sikan, Nwakaeme, Cihan, Salih bunlar\u0131n hepsi oynayabilir. Talih verebiliriz. Kim oynarsa oynas\u0131n, ka\u00e7 dakika oynarsa oynas\u0131n, anlar ne olursa olsun, birlikte hareket eden, ba\u015f\u0131 dik, oyuncular g\u00f6z\u00fc pek&#8230; Umar\u0131m kar\u015f\u0131l\u0131\u011f\u0131n\u0131 al\u0131r\u0131z. Kolay m\u0131 de\u011fil.&#8221;<\/div>\n<\/p><\/div>\n","protected":false},"excerpt":{"rendered":"<p>Turkcell Harika Kupa yar\u0131 final ma\u00e7\u0131nda Galatasaray ile kar\u015f\u0131la\u015facak Trabzonspor&#8217;da Fatih Tekke a\u00e7\u0131klamalarda bulundu.<\/p>\n","protected":false},"author":1,"featured_media":46655,"comment_status":"open","ping_status":"open","sticky":false,"template":"","format":"standard","meta":{"footnotes":""},"categories":[25],"tags":[50,49],"class_list":["post-46654","post","type-post","status-publish","format-standard","has-post-thumbnail","hentry","category-futbol","tag-mac","tag-oyuncu"],"_links":{"self":[{"href":"https:\/\/haberbesiktas.tr\/index.php?rest_route=\/wp\/v2\/posts\/46654","targetHints":{"allow":["GET"]}}],"collection":[{"href":"https:\/\/haberbesiktas.tr\/index.php?rest_route=\/wp\/v2\/posts"}],"about":[{"href":"https:\/\/haberbesiktas.tr\/index.php?rest_route=\/wp\/v2\/types\/post"}],"author":[{"embeddable":true,"href":"https:\/\/haberbesiktas.tr\/index.php?rest_route=\/wp\/v2\/users\/1"}],"replies":[{"embeddable":true,"href":"https:\/\/haberbesiktas.tr\/index.php?rest_route=%2Fwp%2Fv2%2Fcomments&post=46654"}],"version-history":[{"count":1,"href":"https:\/\/haberbesiktas.tr\/index.php?rest_route=\/wp\/v2\/posts\/46654\/revisions"}],"predecessor-version":[{"id":46656,"href":"https:\/\/haberbesiktas.tr\/index.php?rest_route=\/wp\/v2\/posts\/46654\/revisions\/46656"}],"wp:featuredmedia":[{"embeddable":true,"href":"https:\/\/haberbesiktas.tr\/index.php?rest_route=\/wp\/v2\/media\/46655"}],"wp:attachment":[{"href":"https:\/\/haberbesiktas.tr\/index.php?rest_route=%2Fwp%2Fv2%2Fmedia&parent=46654"}],"wp:term":[{"taxonomy":"category","embeddable":true,"href":"https:\/\/haberbesiktas.tr\/index.php?rest_route=%2Fwp%2Fv2%2Fcategories&post=46654"},{"taxonomy":"post_tag","embeddable":true,"href":"https:\/\/haberbesiktas.tr\/index.php?rest_route=%2Fwp%2Fv2%2Ftags&post=46654"}],"curies":[{"name":"wp","href":"https:\/\/api.w.org\/{rel}","templated":true}]}}