{"id":46657,"date":"2026-01-06T17:24:04","date_gmt":"2026-01-06T17:24:04","guid":{"rendered":"https:\/\/haberbesiktas.tr\/?p=46657"},"modified":"2026-01-06T17:24:04","modified_gmt":"2026-01-06T17:24:04","slug":"u18-milli-takim-kosovaya-set-vermedi","status":"publish","type":"post","link":"https:\/\/haberbesiktas.tr\/?p=46657","title":{"rendered":"U18 Milli Tak\u0131m, Kosova&#8217;ya set vermedi"},"content":{"rendered":"<p>U18 Ya\u015f Alt\u0131 Erkek Voleybol Ulusal Ekibi, Avrupa \u015eampiyonas\u0131 Elemeleri&#8217;nde A Grubu&#8217;ndaki \u00fc\u00e7\u00fcnc\u00fc ve son ma\u00e7\u0131nda Kosova&#8217;y\u0131 3-0 yenerek yar\u0131 finale y\u00fckseldi.<\/p>\n<p> T\u00fcrkiye Voleybol Federasyonunun a\u00e7\u0131klamas\u0131na nazaran ay-y\u0131ld\u0131zl\u0131lar, Karada\u011f&#8217;da oynanan m\u00fcsabakay\u0131 25-8, 25-11 ve 25-11&#8217;lik setlerle 3-0 kazand\u0131.<\/p>\n<p> K\u00fcmesini birinci iki s\u0131rada tamamlayan ulusallar bu skorla yar\u0131 finale y\u00fckseldi.<\/p>\n<p> Ulusal kadronun yar\u0131 finaldeki rakibi Bulgaristan-S\u0131rbistan m\u00fcsabakas\u0131n\u0131n akabinde muhakkak olacak.<\/p>\n","protected":false},"excerpt":{"rendered":"<p>Voleybolda 18 Ya\u015f Alt\u0131 Avrupa Erkekler \u015eampiyonas\u0131 Elemeleri&#8217;nde T\u00fcrkiye, Kosova&#8217;y\u0131 3-0 yendi ve yar\u0131 finale y\u00fckseldi.<\/p>\n","protected":false},"author":1,"featured_media":46658,"comment_status":"open","ping_status":"open","sticky":false,"template":"","format":"standard","meta":{"footnotes":""},"categories":[39],"tags":[],"class_list":["post-46657","post","type-post","status-publish","format-standard","has-post-thumbnail","hentry","category-voleybol"],"_links":{"self":[{"href":"https:\/\/haberbesiktas.tr\/index.php?rest_route=\/wp\/v2\/posts\/46657","targetHints":{"allow":["GET"]}}],"collection":[{"href":"https:\/\/haberbesiktas.tr\/index.php?rest_route=\/wp\/v2\/posts"}],"about":[{"href":"https:\/\/haberbesiktas.tr\/index.php?rest_route=\/wp\/v2\/types\/post"}],"author":[{"embeddable":true,"href":"https:\/\/haberbesiktas.tr\/index.php?rest_route=\/wp\/v2\/users\/1"}],"replies":[{"embeddable":true,"href":"https:\/\/haberbesiktas.tr\/index.php?rest_route=%2Fwp%2Fv2%2Fcomments&post=46657"}],"version-history":[{"count":1,"href":"https:\/\/haberbesiktas.tr\/index.php?rest_route=\/wp\/v2\/posts\/46657\/revisions"}],"predecessor-version":[{"id":46659,"href":"https:\/\/haberbesiktas.tr\/index.php?rest_route=\/wp\/v2\/posts\/46657\/revisions\/46659"}],"wp:featuredmedia":[{"embeddable":true,"href":"https:\/\/haberbesiktas.tr\/index.php?rest_route=\/wp\/v2\/media\/46658"}],"wp:attachment":[{"href":"https:\/\/haberbesiktas.tr\/index.php?rest_route=%2Fwp%2Fv2%2Fmedia&parent=46657"}],"wp:term":[{"taxonomy":"category","embeddable":true,"href":"https:\/\/haberbesiktas.tr\/index.php?rest_route=%2Fwp%2Fv2%2Fcategories&post=46657"},{"taxonomy":"post_tag","embeddable":true,"href":"https:\/\/haberbesiktas.tr\/index.php?rest_route=%2Fwp%2Fv2%2Ftags&post=46657"}],"curies":[{"name":"wp","href":"https:\/\/api.w.org\/{rel}","templated":true}]}}