{"id":46730,"date":"2026-01-06T21:36:04","date_gmt":"2026-01-06T21:36:04","guid":{"rendered":"https:\/\/haberbesiktas.tr\/?p=46730"},"modified":"2026-01-06T21:36:04","modified_gmt":"2026-01-06T21:36:04","slug":"besiktasin-yeni-sol-bek-hedefi-nuno-tavares","status":"publish","type":"post","link":"https:\/\/haberbesiktas.tr\/?p=46730","title":{"rendered":"Be\u015fikta\u015f&#8217;\u0131n yeni sol bek hedefi: Nuno Tavares"},"content":{"rendered":"<div>\n<p>Be\u015fikta\u015f, sol bek konusunda <strong>Jaouen Hadjam<\/strong> ile bir m\u00fcddettir \u00f6nemli formda ilgileniyordu. Lakin 22 ya\u015f\u0131ndaki futbolcu, Cezayir Ulusal Grubu&#8217;nda aya\u011f\u0131ndan sakatl\u0131k ya\u015fad\u0131. Hadjam ile ilgili al\u0131nan bilgilere nazaran sakatl\u0131\u011f\u0131 1.5-2 ay kadar s\u00fcrecek. Bu durum Be\u015fikta\u015f&#8217;\u0131n gayelerini de\u011fi\u015ftirdi.\u00a0<\/p>\n<p> <strong>SOUZA&#8217;DAN OLUMLU B\u0130LG\u0130 GELD\u0130 LAK\u0130N&#8230;<\/strong><\/p>\n<p> Vasco da Gama&#8217;dan <strong>Lucas Piton<\/strong> i\u00e7inse s\u0131hhat raporlar\u0131 al\u0131nd\u0131 ve inceleniyor. 25 ya\u015f\u0131ndaki bek, 1 ay s\u00fcren diz sakatl\u0131\u011f\u0131n\u0131 atlatt\u0131, idmanlara ba\u015flad\u0131. Piton i\u00e7in Vasco da Gama&#8217;da da oynayan Josef de Souza&#8217;dan bilgi al\u0131nd\u0131. Souza olumlu referanslar verdi fakat soru i\u015faretleri kalkmad\u0131.\u00a0 <\/p>\n<p> <strong>YEN\u0130 MAKSAT TAVARES<\/strong><\/p>\n<p> Siyah-beyazl\u0131lar, ekibin d\u00fczeyini art\u0131racak en yeterli se\u00e7ene\u011fi ar\u0131yor. Bu do\u011frultuda Lazio&#8217;dan <strong>Nuno Tavares<\/strong>&#8216;i tak\u0131m\u0131na katmak isteyen Be\u015fikta\u015f, \u0130talyan tak\u0131m\u0131yla g\u00f6r\u00fc\u015fmeyi ger\u00e7ekle\u015ftirdi.<\/p>\n<p> <strong> &#8220;\u00d6NCE YER\u0130N\u0130 DOLDURMAMIZ GEREK\u0130YOR&#8221;<\/strong><\/p>\n<p>Lazio&#8217;nun yaz\u0131n 5 milyon Euro bedelle tak\u0131m\u0131na katt\u0131\u011f\u0131 Portekizli oyuncu, yaln\u0131zca 10 kar\u015f\u0131la\u015fmada 533 dakika alanda kald\u0131. Son 4 ma\u00e7ta hi\u00e7 m\u00fchlet bulamayan Tavares i\u00e7in Lazio ye\u015fil \u0131\u015f\u0131k yakt\u0131. Ancak \u0130talyan kul\u00fcb\u00fc, <strong>&#8220;\u00d6nce yerini doldurmam\u0131z gerekiyor&#8221;<\/strong> dedi. Siyah beyazl\u0131lar art\u0131k Lazio&#8217;nun ata\u011f\u0131n\u0131 bekliyor.\u00a0<\/p>\n<div>\u00a0<\/div>\n<\/div>\n","protected":false},"excerpt":{"rendered":"<p>Be\u015fikta\u015f&#8217;ta Jaouen Hadjam&#8217;\u0131n sakatl\u0131\u011f\u0131 planlar\u0131 de\u011fi\u015ftirirken, siyah-beyazl\u0131lar sol bek i\u00e7in Lazio formas\u0131 giyen Nuno Tavares&#8217;i g\u00fcndemine ald\u0131.<\/p>\n","protected":false},"author":1,"featured_media":46731,"comment_status":"open","ping_status":"open","sticky":false,"template":"","format":"standard","meta":{"footnotes":""},"categories":[25],"tags":[],"class_list":["post-46730","post","type-post","status-publish","format-standard","has-post-thumbnail","hentry","category-futbol"],"_links":{"self":[{"href":"https:\/\/haberbesiktas.tr\/index.php?rest_route=\/wp\/v2\/posts\/46730","targetHints":{"allow":["GET"]}}],"collection":[{"href":"https:\/\/haberbesiktas.tr\/index.php?rest_route=\/wp\/v2\/posts"}],"about":[{"href":"https:\/\/haberbesiktas.tr\/index.php?rest_route=\/wp\/v2\/types\/post"}],"author":[{"embeddable":true,"href":"https:\/\/haberbesiktas.tr\/index.php?rest_route=\/wp\/v2\/users\/1"}],"replies":[{"embeddable":true,"href":"https:\/\/haberbesiktas.tr\/index.php?rest_route=%2Fwp%2Fv2%2Fcomments&post=46730"}],"version-history":[{"count":1,"href":"https:\/\/haberbesiktas.tr\/index.php?rest_route=\/wp\/v2\/posts\/46730\/revisions"}],"predecessor-version":[{"id":46732,"href":"https:\/\/haberbesiktas.tr\/index.php?rest_route=\/wp\/v2\/posts\/46730\/revisions\/46732"}],"wp:featuredmedia":[{"embeddable":true,"href":"https:\/\/haberbesiktas.tr\/index.php?rest_route=\/wp\/v2\/media\/46731"}],"wp:attachment":[{"href":"https:\/\/haberbesiktas.tr\/index.php?rest_route=%2Fwp%2Fv2%2Fmedia&parent=46730"}],"wp:term":[{"taxonomy":"category","embeddable":true,"href":"https:\/\/haberbesiktas.tr\/index.php?rest_route=%2Fwp%2Fv2%2Fcategories&post=46730"},{"taxonomy":"post_tag","embeddable":true,"href":"https:\/\/haberbesiktas.tr\/index.php?rest_route=%2Fwp%2Fv2%2Ftags&post=46730"}],"curies":[{"name":"wp","href":"https:\/\/api.w.org\/{rel}","templated":true}]}}